{"id":86,"date":"2015-04-14T08:00:56","date_gmt":"2015-04-14T08:00:56","guid":{"rendered":"https:\/\/blogs.fu-berlin.de\/icmchatde\/?p=86"},"modified":"2015-05-29T14:32:29","modified_gmt":"2015-05-29T14:32:29","slug":"das-inverted-classroom-modell-in-der-physiotherapie","status":"publish","type":"post","link":"https:\/\/blogs.fu-berlin.de\/icmchatde\/2015\/04\/14\/das-inverted-classroom-modell-in-der-physiotherapie\/","title":{"rendered":"Das Inverted Classroom Modell in der Physiotherapie"},"content":{"rendered":"<p><strong>Online Werkstatt : \u201eICM and beyond&#8220;<\/strong><\/p>\n<p><strong>Termin: 11.05.2015 um 17:30 Uhr<\/strong><\/p>\n<p><strong>Thema: &#8222;Das Inverted Classroom Modell in der Physiotherapie &#8222;<\/strong><\/p>\n<p><a href=\"https:\/\/blogs.fu-berlin.de\/icmchatde\/files\/2015\/04\/Foto-Andreas.jpg\"><img loading=\"lazy\" decoding=\"async\" class=\" size-thumbnail wp-image-87 alignnone\" src=\"https:\/\/blogs.fu-berlin.de\/icmchatde\/files\/2015\/04\/Foto-Andreas-150x150.jpg\" alt=\"Foto-Andreas\" width=\"150\" height=\"150\" \/><\/a><\/p>\n<p>&nbsp;<\/p>\n<p>Ich hei\u00dfe Andreas St\u00fcbler und bin seit 2013 Dozent am Studiengang Physiotherapie der FH St. P\u00f6lten (A). Ich freue mich darauf, einen Einblick in Lehrveranstaltungen zu geben, in denen ich die vielf\u00e4ltigen Methoden des Inverted Classroom Modell einsetze.<\/p>\n<p>Sehr wichtig ist mir das Konzept des student centered teaching, das durch den ICM-Ansatz sehr gut gef\u00f6rdert wird \u2013 der Expertise der Studierenden kann damit breiten Raum gegeben, forschendes Lernen gef\u00f6rdert werden. Ich bringe Beispiele des gezielten Einsatzes von Lehrvideos, von interaktiven Vorbereitungsaufgaben, von Methoden die einen sehr intensiven Praxisbezug f\u00f6rdern. Ich bin davon \u00fcberzeugt, dass diese Vorgangsweisen auch f\u00fcr ganz andere Disziplinen leicht adaptierbar sind.<\/p>\n<p>Ich freue mich schon auf den Dialog im icmchatde!<\/p>\n","protected":false},"excerpt":{"rendered":"<p>Online Werkstatt : \u201eICM and beyond&#8220; Termin: 11.05.2015 um 17:30 Uhr Thema: &#8222;Das Inverted Classroom Modell in der Physiotherapie &#8222; &nbsp; Ich hei\u00dfe Andreas St\u00fcbler und bin seit 2013 Dozent am Studiengang Physiotherapie der FH St. P\u00f6lten (A). Ich freue mich darauf, einen Einblick in Lehrveranstaltungen zu geben, in denen ich die vielf\u00e4ltigen Methoden des &hellip; <a href=\"https:\/\/blogs.fu-berlin.de\/icmchatde\/2015\/04\/14\/das-inverted-classroom-modell-in-der-physiotherapie\/\" class=\"more-link\"><span class=\"screen-reader-text\">\u201eDas Inverted Classroom Modell in der Physiotherapie\u201c<\/span> weiterlesen<\/a><\/p>\n","protected":false},"author":1248,"featured_media":0,"comment_status":"open","ping_status":"open","sticky":false,"template":"","format":"standard","meta":{"footnotes":""},"categories":[9],"tags":[52625,1630,52627,277,52626,52628],"class_list":["post-86","post","type-post","status-publish","format-standard","hentry","category-allgemein","tag-fhstp","tag-erfahrungen","tag-fh-st-poelten","tag-hochschule","tag-physiotherapie","tag-praxis"],"_links":{"self":[{"href":"https:\/\/blogs.fu-berlin.de\/icmchatde\/wp-json\/wp\/v2\/posts\/86","targetHints":{"allow":["GET"]}}],"collection":[{"href":"https:\/\/blogs.fu-berlin.de\/icmchatde\/wp-json\/wp\/v2\/posts"}],"about":[{"href":"https:\/\/blogs.fu-berlin.de\/icmchatde\/wp-json\/wp\/v2\/types\/post"}],"author":[{"embeddable":true,"href":"https:\/\/blogs.fu-berlin.de\/icmchatde\/wp-json\/wp\/v2\/users\/1248"}],"replies":[{"embeddable":true,"href":"https:\/\/blogs.fu-berlin.de\/icmchatde\/wp-json\/wp\/v2\/comments?post=86"}],"version-history":[{"count":1,"href":"https:\/\/blogs.fu-berlin.de\/icmchatde\/wp-json\/wp\/v2\/posts\/86\/revisions"}],"predecessor-version":[{"id":88,"href":"https:\/\/blogs.fu-berlin.de\/icmchatde\/wp-json\/wp\/v2\/posts\/86\/revisions\/88"}],"wp:attachment":[{"href":"https:\/\/blogs.fu-berlin.de\/icmchatde\/wp-json\/wp\/v2\/media?parent=86"}],"wp:term":[{"taxonomy":"category","embeddable":true,"href":"https:\/\/blogs.fu-berlin.de\/icmchatde\/wp-json\/wp\/v2\/categories?post=86"},{"taxonomy":"post_tag","embeddable":true,"href":"https:\/\/blogs.fu-berlin.de\/icmchatde\/wp-json\/wp\/v2\/tags?post=86"}],"curies":[{"name":"wp","href":"https:\/\/api.w.org\/{rel}","templated":true}]}}