{"id":1109,"date":"2014-07-18T12:11:59","date_gmt":"2014-07-18T12:11:59","guid":{"rendered":"https:\/\/blogs.fu-berlin.de\/ideenbar\/?p=1109"},"modified":"2015-09-15T11:39:02","modified_gmt":"2015-09-15T09:39:02","slug":"kompaktkurs-fit-fuer-lehre-2-0","status":"publish","type":"post","link":"https:\/\/blogs.fu-berlin.de\/ideenbar\/2014\/07\/18\/kompaktkurs-fit-fuer-lehre-2-0\/","title":{"rendered":"Kompaktkurs: Fit f\u00fcr Lehre 2.0"},"content":{"rendered":"<h1><span style=\"color: #99cc00\"><strong>Fit f\u00fcr Lehre 2.0<\/strong><\/span><\/h1>\n<p><span style=\"color: #808080\"><strong>Eine Woche kompaktes Training zum Einsatz von Social Media in der Lehre<\/strong><\/span><\/p>\n<p>&nbsp;<\/p>\n<p><a href=\"https:\/\/blogs.fu-berlin.de\/ideenbar\/files\/2014\/07\/Logo-Lehre2.0-vb.jpg\"><img loading=\"lazy\" decoding=\"async\" class=\"size-full wp-image-1166 alignleft\" src=\"https:\/\/blogs.fu-berlin.de\/ideenbar\/files\/2014\/07\/Logo-Lehre2.0-vb.jpg\" alt=\"Logo-Lehre2.0-vb\" width=\"144\" height=\"64\" \/><\/a><strong><em>Social Media boomen, weil Facebook, Google+, Social Bookmarks, Twitter &amp; Co. einfache Mittel zur Information und Kommunikation sind und helfen, t\u00e4gliche Aufgaben effizient zu organisieren. F\u00fcr Lehre 2.0 bieten sie vielf\u00e4ltige <\/em><\/strong><strong><em>M\u00f6glichkeiten, Lernen kooperativ, lernerzentriert und weniger frontal zu gestalten. <strong><em>Speziell f\u00fcr Lehrende wird der Einstieg in Social Media mit neuen Kursen gef\u00f6rdert. Den Startpunkt zum Wintersemester bildet der\u00a0<strong><em>Kompaktkurs\u00a0<strong><em><strong><em>&#8222;Fit f\u00fcr Lehre 2.0&#8220;.<\/em><\/strong><\/em><\/strong><\/em><\/strong><\/em><\/strong><\/em><\/strong><\/p>\n<p>Die Freie Universit\u00e4t informiert auf <a title=\"@fu_berlin\" href=\"https:\/\/twitter.com\/FU_Berlin\">Twitter<\/a>,\u00a0kommuniziert auf <a title=\"Freie Universit\u00e4t Berlin\" href=\"https:\/\/www.facebook.com\/freieuniversitaetberlin\">Facebook<\/a>, teilt auf\u00a0<a title=\"Freie Universit\u00e4t auf Instagram\" href=\"https:\/\/instagram.com\/fu_berlin\">Instagram<\/a> Fotos mit Followern und f\u00f6rdert den Einsatz von Social Media in der Lehre. Das Center f\u00fcr Digitale Systeme (CeDiS) unterst\u00fctzt Lehrende, um Social Media\u00a0didaktisch sinnvoll in die Lehre einzubinden mit Beratung und Lehrg\u00e4ngen. In diesem Rahmen bietet CeDiS im September 2014 einen einw\u00f6chigen Kompaktkurs f\u00fcr Lehrende an, die Web 2.0-Tools und deren Einsatzm\u00f6glichkeiten kennen lernen m\u00f6chten, um fit f\u00fcr Lehre 2.0 zu werden.<\/p>\n<h2><span style=\"color: #99cc00\">Kompaktkurs zu Social Media: Fit f\u00fcr Lehre 2.0<\/span><\/h2>\n<p>Der Kurs &#8222;Fit f\u00fcr Lehre 2.0&#8220;\u00a0findet vom 22. bis zum 26. September 2014\u00a0statt. In dem Kurs lernen Lehrende in nur 5 Tagen die wichtigsten Web 2.0-Werkzeuge kennen, erhalten Einblicke in die Lehrpraxis von Hochschul-Kolleg\/innen anhand zahlreicher Good-Practice-Beispiele und probieren Web 2.0-Tools praktisch aus. Die Teilnehmer\/innen lernen einerseits den Umgang mit verschiedenen Social Media Tools\u00a0zur Unterst\u00fctzung von Lernaktivit\u00e4ten in ihren Veranstaltungen kennen und k\u00f6nnen diese andererseits gleichzeitg f\u00fcr ihre konkrete Lehrveranstaltung einrichten und eine eigene Online-Lernumgebung aufbauen. Als Blended-Learning-Angebot verbindet der Kompaktkurs die Vorteile von Pr\u00e4senz- und Online-Lernen und besteht aus drei Pr\u00e4senztagen sowie zwei Selbstlernabschnitten.<\/p>\n<p><!--more--><\/p>\n<h2><span style=\"color: #99cc00\">Zum Kursablauf<\/span><\/h2>\n<p><strong><span style=\"color: #808080\">Auftaktveranstaltung mit Good-Practice<\/span><\/strong><\/p>\n<p>Der Kompaktkurs startet mit einer Auftaktveranstaltung, in der Praxisbeispiele von Hochschul-Lehrenden unterschiedlicher Fachbereiche zum Einsatz von Social Media pr\u00e4sentiert werden.<\/p>\n<p><strong><span style=\"color: #808080\">Tool-Training<\/span><\/strong><\/p>\n<p>Eine zentrale Rolle in dem Kurs nimmt das Training zu den einzelnen Web 2.0-Tools ein.<\/p>\n<p>Die Teilnehmer\/innen erhalten eine Einf\u00fchrung in die einzelnen Tools, lernen die spezifischen Keyfeatures und Potentiale der jeweiligen Tools kennen, erstellen einen eigenen Account und probieren die Tools selbstst\u00e4ndig aus. So k\u00f6nnen sie Vorteile und Mehrwert der Tools anhand allt\u00e4glicher Aktivit\u00e4ten im Rahmen eigener Arbeitsabl\u00e4ufe einsch\u00e4tzen, angefangen bei der Info-Recherche \u00fcber das gemeinsame Erstellen und Teilen von Inhalten bis hin zur Ver\u00f6ffentlichung eigener Ausarbeitungen.<\/p>\n<p>Den Teilnehmer\/innen werden au\u00dferdem Einsatzm\u00f6glichkeiten f\u00fcr die Lehre vorgestellt und es wird erl\u00e4utert wie diese die Lernprozesse von Studierenden sinnvoll unterst\u00fctzen. So lassen sich bei Lernaktivit\u00e4ten wie der Suche nach neuen Informationen zum Beispiel RSS-Reader nutzen, um Neuigkeiten auf Websites zu abonnieren oder zur Recherche und zum Sammeln von Online-Quellen\u00a0Social Bookmarking-Tools. Mindmaps k\u00f6nnen zur Strukturierung von Seminararbeiten oder\u00a0zum gemeinsamen Brainstorming\u00a0eingesetzt werden. Dropbox eignet sich zum Sammeln und Teilen von Dokumenten mit Zugriff von verschiedenen Orten und Ger\u00e4ten. Etherpad kann zum synchronen Schreiben genutzt werden und Wikis lassen sich zum kollaborativen Dokumentieren von Wissen einsetzen. Blogs lassen sich zur Pr\u00e4sentation eigener Lernergebnisse und zum vernetzten Dialog nutzen oder Twitter zur Information und zur Kommunikation.<\/p>\n<p><strong><span style=\"color: #808080\">Abschluss der Veranstaltung<\/span><\/strong><\/p>\n<p>Der Kurs schlie\u00dft mit einem Austausch zu Ideen und Tipps f\u00fcr den Einsatz von Social Media in der Lehre. Auf Wunsch betreuen wir die Teilnehmer\/innen nach Abschluss des Kurses gerne weiter bei dem Einsatz von Social Media f\u00fcr Lehre 2.0 an der Freien Universit\u00e4t Berlin.<\/p>\n<p>Weitere Informationen zu dem Kompaktkurs und zur Anmeldung finden Sie auf der Website &#8222;<a title=\"Fit f\u00fcr Lehre 2.0\" href=\"https:\/\/www.cedis.fu-berlin.de\/e-learning\/fortbildung\/lehrgaenge\/Fit_fuer_Lehre2_0\/index.html\">Fit f\u00fcr Lehre 2.0<\/a>&#8222;.<br \/>\nDas Veranstaltungsprogramm steht Ihnen hier als <a title=\"Programm als PDF\" href=\"https:\/\/www.cedis.fu-berlin.de\/e-learning\/fortbildung\/lehrgaenge\/Fit_fuer_Lehre2_0\/Programm.pdf?1405417712\">PDF-Datei<\/a> zur Verf\u00fcgung.<\/p>\n<p>&nbsp;<\/p>\n","protected":false},"excerpt":{"rendered":"<p>Fit f\u00fcr Lehre 2.0 Eine Woche kompaktes Training zum Einsatz von Social Media in der Lehre &nbsp; Social Media boomen, weil Facebook, Google+, Social Bookmarks, Twitter &amp; Co. einfache Mittel zur Information und Kommunikation sind und helfen, t\u00e4gliche Aufgaben effizient zu organisieren. F\u00fcr Lehre 2.0 bieten sie vielf\u00e4ltige M\u00f6glichkeiten, Lernen kooperativ, lernerzentriert und weniger frontal &hellip; <a href=\"https:\/\/blogs.fu-berlin.de\/ideenbar\/2014\/07\/18\/kompaktkurs-fit-fuer-lehre-2-0\/\" class=\"more-link\"><span class=\"screen-reader-text\">\u201eKompaktkurs: Fit f\u00fcr Lehre 2.0\u201c<\/span> weiterlesen<\/a><\/p>\n","protected":false},"author":93,"featured_media":0,"comment_status":"open","ping_status":"open","sticky":false,"template":"","format":"standard","meta":{"footnotes":""},"categories":[9],"tags":[43494,28033,980,1338],"class_list":["post-1109","post","type-post","status-publish","format-standard","hentry","category-allgemein","tag-fortbildungen","tag-lehre-2-0","tag-social-media","tag-web-2-0"],"_links":{"self":[{"href":"https:\/\/blogs.fu-berlin.de\/ideenbar\/wp-json\/wp\/v2\/posts\/1109","targetHints":{"allow":["GET"]}}],"collection":[{"href":"https:\/\/blogs.fu-berlin.de\/ideenbar\/wp-json\/wp\/v2\/posts"}],"about":[{"href":"https:\/\/blogs.fu-berlin.de\/ideenbar\/wp-json\/wp\/v2\/types\/post"}],"author":[{"embeddable":true,"href":"https:\/\/blogs.fu-berlin.de\/ideenbar\/wp-json\/wp\/v2\/users\/93"}],"replies":[{"embeddable":true,"href":"https:\/\/blogs.fu-berlin.de\/ideenbar\/wp-json\/wp\/v2\/comments?post=1109"}],"version-history":[{"count":52,"href":"https:\/\/blogs.fu-berlin.de\/ideenbar\/wp-json\/wp\/v2\/posts\/1109\/revisions"}],"predecessor-version":[{"id":2578,"href":"https:\/\/blogs.fu-berlin.de\/ideenbar\/wp-json\/wp\/v2\/posts\/1109\/revisions\/2578"}],"wp:attachment":[{"href":"https:\/\/blogs.fu-berlin.de\/ideenbar\/wp-json\/wp\/v2\/media?parent=1109"}],"wp:term":[{"taxonomy":"category","embeddable":true,"href":"https:\/\/blogs.fu-berlin.de\/ideenbar\/wp-json\/wp\/v2\/categories?post=1109"},{"taxonomy":"post_tag","embeddable":true,"href":"https:\/\/blogs.fu-berlin.de\/ideenbar\/wp-json\/wp\/v2\/tags?post=1109"}],"curies":[{"name":"wp","href":"https:\/\/api.w.org\/{rel}","templated":true}]}}