{"id":1355,"date":"2014-11-04T13:10:22","date_gmt":"2014-11-04T13:10:22","guid":{"rendered":"https:\/\/blogs.fu-berlin.de\/ideenbar\/?p=1355"},"modified":"2016-09-01T15:13:42","modified_gmt":"2016-09-01T13:13:42","slug":"social-media-nutzertreffen-am-freitag-14-11","status":"publish","type":"post","link":"https:\/\/blogs.fu-berlin.de\/ideenbar\/2014\/11\/04\/social-media-nutzertreffen-am-freitag-14-11\/","title":{"rendered":"Social Media Nutzertreffen am Freitag, 14. November!"},"content":{"rendered":"<p>&nbsp;<\/p>\n<p>Social Media wie Wikis, Blogs, Facebook, Twitter &amp; Co. verzeichnen rasant wachsende Nutzerzahlen. FU-Lehrende und -Angeh\u00f6rige nutzen Web 2.0 Anwendungen wie Social Bookmarking, Web-Desktops,\u00a0Online-Terminplaner, Social Networks, Collaborative Writing Pads, Blogs usw.<\/p>\n<p>In dem Social Media Nutzertreffen m\u00f6chten wir mit Ihnen Ihre Erfahrungen im Einsatz von Social Media diskutieren, M\u00f6glichkeiten und Grenzen ausloten und \u00fcber Verbesserungen reden. Das Nutzertreffen dient dem Austausch von Ideen und Anregungen und soll helfen, Nutzerinnen und Nutzer von Social Media an der FU zu vernetzen. Seien Sie dabei!<\/p>\n<h3><strong>N\u00e4chster Termin: Fr, 14.11., 10:15-13 Uhr<\/strong><\/h3>\n<p><a href=\"https:\/\/www.cedis.fu-berlin.de\/e-learning\/fortbildung\/workshops\/social_media\/social_nutzer_20141114.html\">Zur Anmeldung hier entlang &gt;&gt;<\/a><\/p>\n","protected":false},"excerpt":{"rendered":"<p>&nbsp; Social Media wie Wikis, Blogs, Facebook, Twitter &amp; Co. verzeichnen rasant wachsende Nutzerzahlen. FU-Lehrende und -Angeh\u00f6rige nutzen Web 2.0 Anwendungen wie Social Bookmarking, Web-Desktops,\u00a0Online-Terminplaner, Social Networks, Collaborative Writing Pads, Blogs usw. In dem Social Media Nutzertreffen m\u00f6chten wir mit Ihnen Ihre Erfahrungen im Einsatz von Social Media diskutieren, M\u00f6glichkeiten und Grenzen ausloten und \u00fcber &hellip; <a href=\"https:\/\/blogs.fu-berlin.de\/ideenbar\/2014\/11\/04\/social-media-nutzertreffen-am-freitag-14-11\/\" class=\"more-link\"><span class=\"screen-reader-text\">\u201eSocial Media Nutzertreffen am Freitag, 14. November!\u201c<\/span> weiterlesen<\/a><\/p>\n","protected":false},"author":426,"featured_media":0,"comment_status":"open","ping_status":"open","sticky":false,"template":"","format":"standard","meta":{"footnotes":""},"categories":[9,522],"tags":[],"class_list":["post-1355","post","type-post","status-publish","format-standard","hentry","category-allgemein","category-fortbildung"],"_links":{"self":[{"href":"https:\/\/blogs.fu-berlin.de\/ideenbar\/wp-json\/wp\/v2\/posts\/1355","targetHints":{"allow":["GET"]}}],"collection":[{"href":"https:\/\/blogs.fu-berlin.de\/ideenbar\/wp-json\/wp\/v2\/posts"}],"about":[{"href":"https:\/\/blogs.fu-berlin.de\/ideenbar\/wp-json\/wp\/v2\/types\/post"}],"author":[{"embeddable":true,"href":"https:\/\/blogs.fu-berlin.de\/ideenbar\/wp-json\/wp\/v2\/users\/426"}],"replies":[{"embeddable":true,"href":"https:\/\/blogs.fu-berlin.de\/ideenbar\/wp-json\/wp\/v2\/comments?post=1355"}],"version-history":[{"count":8,"href":"https:\/\/blogs.fu-berlin.de\/ideenbar\/wp-json\/wp\/v2\/posts\/1355\/revisions"}],"predecessor-version":[{"id":5312,"href":"https:\/\/blogs.fu-berlin.de\/ideenbar\/wp-json\/wp\/v2\/posts\/1355\/revisions\/5312"}],"wp:attachment":[{"href":"https:\/\/blogs.fu-berlin.de\/ideenbar\/wp-json\/wp\/v2\/media?parent=1355"}],"wp:term":[{"taxonomy":"category","embeddable":true,"href":"https:\/\/blogs.fu-berlin.de\/ideenbar\/wp-json\/wp\/v2\/categories?post=1355"},{"taxonomy":"post_tag","embeddable":true,"href":"https:\/\/blogs.fu-berlin.de\/ideenbar\/wp-json\/wp\/v2\/tags?post=1355"}],"curies":[{"name":"wp","href":"https:\/\/api.w.org\/{rel}","templated":true}]}}