{"id":1415,"date":"2014-11-14T08:28:34","date_gmt":"2014-11-14T08:28:34","guid":{"rendered":"https:\/\/blogs.fu-berlin.de\/ideenbar\/?p=1415"},"modified":"2014-11-14T08:31:04","modified_gmt":"2014-11-14T08:31:04","slug":"lehre-macht-mobil-fortbildung-an-der-fu","status":"publish","type":"post","link":"https:\/\/blogs.fu-berlin.de\/ideenbar\/2014\/11\/14\/lehre-macht-mobil-fortbildung-an-der-fu\/","title":{"rendered":"Lehre macht mobil! Fortbildung am 28.11."},"content":{"rendered":"<p><a href=\"https:\/\/blogs.fu-berlin.de\/ideenbar\/files\/2014\/11\/Mobile-Apps.jpg\"><img loading=\"lazy\" decoding=\"async\" class=\"size-medium wp-image-1416 alignright\" alt=\"Mobile-Apps\" src=\"https:\/\/blogs.fu-berlin.de\/ideenbar\/files\/2014\/11\/Mobile-Apps-300x199.jpg\" width=\"300\" height=\"199\" srcset=\"https:\/\/blogs.fu-berlin.de\/ideenbar\/files\/2014\/11\/Mobile-Apps-300x199.jpg 300w, https:\/\/blogs.fu-berlin.de\/ideenbar\/files\/2014\/11\/Mobile-Apps.jpg 602w\" sizes=\"auto, (max-width: 300px) 85vw, 300px\" \/><\/a>Von unterwegs Vokabeln \u00fcben, Mathe-formeln lernen, via Foren diskutieren oder Dokumente austauschen \u2013 Smartphones und Tablets machen es m\u00f6glich und geh\u00f6ren mittlerweile zur Alltagswelt der Studierenden. Auch f\u00fcr die Lehre bietet das sog. \u201eMobile Learning\u201c viel Potenzial \u2013 insbesondere um Studierende zum Mitmachen anzuregen und zeit-\/ortsunabh\u00e4ngiges Lernen zu unterst\u00fctzen. Passend zum aktuellen Themenspecial &#8222;<a href=\"https:\/\/www.e-teaching.org\/specials\/mobiles_lernen\" target=\"_blank\">Mobiles Lernen f\u00f6rdern&#8220;<\/a> von e-teaching.org bietet die Freie Universit\u00e4t Berlin einen Workshop &#8222;Lehre macht mobil an&#8220;:<\/p>\n<p>In dem Workshop lernen Sie die Einsatzm\u00f6glich\u00adkeiten mobiler Apps f\u00fcr Studium und Lehre kennen und probieren verschiedene Apps aus. Im Fokus stehen praktische Anwendungsbeispiele f\u00fcr Einsteiger\/innen in mobiles Lernen und Lehren.<\/p>\n<p><strong>Inhalte<br \/>\n<\/strong><\/p>\n<ul>\n<li>Mobile Learning: Was steckt dahinter?<\/li>\n<li>Einsatzm\u00f6glichkeiten f\u00fcr die Lehre<\/li>\n<li>Apps kennenlernen und selbst ausprobieren<br \/>\n(insb. mobile Applikationen dieser <a href=\"https:\/\/blogs.fu-berlin.de\/ideenbar\/tools\/\" target=\"_blank\">Tools<\/a>)<\/li>\n<\/ul>\n<p><strong><a href=\"https:\/\/www.cedis.fu-berlin.de\/e-learning\/fortbildung\/workshops\/social_media\/lehremobil_28112014.html\" target=\"_blank\">&gt;&gt; Weitere Informationen und Anmeldung<\/a><\/strong><\/p>\n","protected":false},"excerpt":{"rendered":"<p>Von unterwegs Vokabeln \u00fcben, Mathe-formeln lernen, via Foren diskutieren oder Dokumente austauschen \u2013 Smartphones und Tablets machen es m\u00f6glich und geh\u00f6ren mittlerweile zur Alltagswelt der Studierenden. Auch f\u00fcr die Lehre bietet das sog. \u201eMobile Learning\u201c viel Potenzial \u2013 insbesondere um Studierende zum Mitmachen anzuregen und zeit-\/ortsunabh\u00e4ngiges Lernen zu unterst\u00fctzen. Passend zum aktuellen Themenspecial &#8222;Mobiles Lernen &hellip; <a href=\"https:\/\/blogs.fu-berlin.de\/ideenbar\/2014\/11\/14\/lehre-macht-mobil-fortbildung-an-der-fu\/\" class=\"more-link\"><span class=\"screen-reader-text\">\u201eLehre macht mobil! Fortbildung am 28.11.\u201c<\/span> weiterlesen<\/a><\/p>\n","protected":false},"author":426,"featured_media":0,"comment_status":"open","ping_status":"open","sticky":false,"template":"","format":"standard","meta":{"footnotes":""},"categories":[9,522],"tags":[43494,12534],"class_list":["post-1415","post","type-post","status-publish","format-standard","hentry","category-allgemein","category-fortbildung","tag-fortbildungen","tag-mobile-learning"],"_links":{"self":[{"href":"https:\/\/blogs.fu-berlin.de\/ideenbar\/wp-json\/wp\/v2\/posts\/1415","targetHints":{"allow":["GET"]}}],"collection":[{"href":"https:\/\/blogs.fu-berlin.de\/ideenbar\/wp-json\/wp\/v2\/posts"}],"about":[{"href":"https:\/\/blogs.fu-berlin.de\/ideenbar\/wp-json\/wp\/v2\/types\/post"}],"author":[{"embeddable":true,"href":"https:\/\/blogs.fu-berlin.de\/ideenbar\/wp-json\/wp\/v2\/users\/426"}],"replies":[{"embeddable":true,"href":"https:\/\/blogs.fu-berlin.de\/ideenbar\/wp-json\/wp\/v2\/comments?post=1415"}],"version-history":[{"count":5,"href":"https:\/\/blogs.fu-berlin.de\/ideenbar\/wp-json\/wp\/v2\/posts\/1415\/revisions"}],"predecessor-version":[{"id":1421,"href":"https:\/\/blogs.fu-berlin.de\/ideenbar\/wp-json\/wp\/v2\/posts\/1415\/revisions\/1421"}],"wp:attachment":[{"href":"https:\/\/blogs.fu-berlin.de\/ideenbar\/wp-json\/wp\/v2\/media?parent=1415"}],"wp:term":[{"taxonomy":"category","embeddable":true,"href":"https:\/\/blogs.fu-berlin.de\/ideenbar\/wp-json\/wp\/v2\/categories?post=1415"},{"taxonomy":"post_tag","embeddable":true,"href":"https:\/\/blogs.fu-berlin.de\/ideenbar\/wp-json\/wp\/v2\/tags?post=1415"}],"curies":[{"name":"wp","href":"https:\/\/api.w.org\/{rel}","templated":true}]}}