{"id":1601,"date":"2015-01-26T10:00:32","date_gmt":"2015-01-26T10:00:32","guid":{"rendered":"https:\/\/blogs.fu-berlin.de\/ideenbar\/?p=1601"},"modified":"2015-01-26T10:50:42","modified_gmt":"2015-01-26T10:50:42","slug":"social-media-social-learning-erfahrungsberichte-lehrender-call","status":"publish","type":"post","link":"https:\/\/blogs.fu-berlin.de\/ideenbar\/2015\/01\/26\/social-media-social-learning-erfahrungsberichte-lehrender-call\/","title":{"rendered":"Social Media in der Lehre: Erfahrungsberichte (CALL)"},"content":{"rendered":"<blockquote><p>Was bedeutet die Existenz sozialer Medien f\u00fcr die Lehrenden an Hochschulen? Geh\u00f6rt es mittlerweile dazu, ein \u201eYouTube-Professor\u201d zu sein und sich auf \u00f6ffentlichen Portalen beurteilen zu lassen? Sollten Lehrende in den sozialen Medien pr\u00e4sent sein, um dar\u00fcber mit den Studierenden zu kommunizieren? Welche Social Media Tools sind im Hochschulkontext besonders geeignet?<\/p><\/blockquote>\n<p><a href=\"https:\/\/blogs.fu-berlin.de\/ideenbar\/files\/2015\/01\/icons.png\"><img loading=\"lazy\" decoding=\"async\" class=\" wp-image-1616 alignright\" src=\"https:\/\/blogs.fu-berlin.de\/ideenbar\/files\/2015\/01\/icons-300x178.png\" alt=\"icons\" width=\"272\" height=\"161\" srcset=\"https:\/\/blogs.fu-berlin.de\/ideenbar\/files\/2015\/01\/icons-300x178.png 300w, https:\/\/blogs.fu-berlin.de\/ideenbar\/files\/2015\/01\/icons.png 640w\" sizes=\"auto, (max-width: 272px) 85vw, 272px\" \/><\/a>Ab April widmet sich <a href=\"https:\/\/www.e-teaching.org\/\">e-teaching.org<\/a>, das Informationsportal f\u00fcr die digitale Hochschule, in einem Themenspecial dem Lernen mit sozialen Medien.\u00a0Forschende sowie Praktiker\/innen an Hochschulen sind dazu eingeladen, sich mit Beitr\u00e4gen zu beteiligen. Gesucht werden u.a. Berichte, die einen Einblick in die Hochschulpraxis erm\u00f6glichen und aktuelle Erfahrungen im Umgang mit Social Media im Lehr-\/Lernkontext beschreiben.<\/p>\n<p>Sie lehren unter Einsatz sozialer Medien und haben Interesse, \u00fcber Ihre Erfahrungen zu berichten? <a href=\"https:\/\/www.e-teaching.org\/praxis\/themenspecials\/social_media\">&gt;&gt; Zum Call<\/a><\/p>\n","protected":false},"excerpt":{"rendered":"<p>Was bedeutet die Existenz sozialer Medien f\u00fcr die Lehrenden an Hochschulen? Geh\u00f6rt es mittlerweile dazu, ein \u201eYouTube-Professor\u201d zu sein und sich auf \u00f6ffentlichen Portalen beurteilen zu lassen? Sollten Lehrende in den sozialen Medien pr\u00e4sent sein, um dar\u00fcber mit den Studierenden zu kommunizieren? Welche Social Media Tools sind im Hochschulkontext besonders geeignet? Ab April widmet sich &hellip; <a href=\"https:\/\/blogs.fu-berlin.de\/ideenbar\/2015\/01\/26\/social-media-social-learning-erfahrungsberichte-lehrender-call\/\" class=\"more-link\"><span class=\"screen-reader-text\">\u201eSocial Media in der Lehre: Erfahrungsberichte (CALL)\u201c<\/span> weiterlesen<\/a><\/p>\n","protected":false},"author":426,"featured_media":0,"comment_status":"open","ping_status":"open","sticky":false,"template":"","format":"standard","meta":{"footnotes":""},"categories":[9],"tags":[],"class_list":["post-1601","post","type-post","status-publish","format-standard","hentry","category-allgemein"],"_links":{"self":[{"href":"https:\/\/blogs.fu-berlin.de\/ideenbar\/wp-json\/wp\/v2\/posts\/1601","targetHints":{"allow":["GET"]}}],"collection":[{"href":"https:\/\/blogs.fu-berlin.de\/ideenbar\/wp-json\/wp\/v2\/posts"}],"about":[{"href":"https:\/\/blogs.fu-berlin.de\/ideenbar\/wp-json\/wp\/v2\/types\/post"}],"author":[{"embeddable":true,"href":"https:\/\/blogs.fu-berlin.de\/ideenbar\/wp-json\/wp\/v2\/users\/426"}],"replies":[{"embeddable":true,"href":"https:\/\/blogs.fu-berlin.de\/ideenbar\/wp-json\/wp\/v2\/comments?post=1601"}],"version-history":[{"count":4,"href":"https:\/\/blogs.fu-berlin.de\/ideenbar\/wp-json\/wp\/v2\/posts\/1601\/revisions"}],"predecessor-version":[{"id":1618,"href":"https:\/\/blogs.fu-berlin.de\/ideenbar\/wp-json\/wp\/v2\/posts\/1601\/revisions\/1618"}],"wp:attachment":[{"href":"https:\/\/blogs.fu-berlin.de\/ideenbar\/wp-json\/wp\/v2\/media?parent=1601"}],"wp:term":[{"taxonomy":"category","embeddable":true,"href":"https:\/\/blogs.fu-berlin.de\/ideenbar\/wp-json\/wp\/v2\/categories?post=1601"},{"taxonomy":"post_tag","embeddable":true,"href":"https:\/\/blogs.fu-berlin.de\/ideenbar\/wp-json\/wp\/v2\/tags?post=1601"}],"curies":[{"name":"wp","href":"https:\/\/api.w.org\/{rel}","templated":true}]}}