{"id":1783,"date":"2015-02-24T09:00:47","date_gmt":"2015-02-24T07:00:47","guid":{"rendered":"https:\/\/blogs.fu-berlin.de\/ideenbar\/?p=1783"},"modified":"2015-05-18T11:11:21","modified_gmt":"2015-05-18T09:11:21","slug":"einladung-zur-fortbildung-teaching-lab","status":"publish","type":"post","link":"https:\/\/blogs.fu-berlin.de\/ideenbar\/2015\/02\/24\/einladung-zur-fortbildung-teaching-lab\/","title":{"rendered":"Einladung zur Fortbildung: Teaching Lab"},"content":{"rendered":"<h1><strong>Teaching Lab: Soziale Medien<\/strong> <strong> in der Lehre<\/strong><\/h1>\n<h3><strong>Zweit\u00e4giger Kurs f\u00fcr FU-Lehrende<\/strong><\/h3>\n<h1><strong><a class=\"fancybox image\" href=\"https:\/\/blogs.fu-berlin.de\/fortbildung\/files\/2015\/02\/teaching_lab_logo_RGB.jpg\"><img loading=\"lazy\" decoding=\"async\" class=\" wp-image-1688 alignright\" src=\"https:\/\/blogs.fu-berlin.de\/fortbildung\/files\/2015\/02\/teaching_lab_logo_RGB-300x80.jpg\" alt=\"teaching_lab_logo_RGB\" width=\"233\" height=\"62\" \/><\/a><\/strong><\/h1>\n<p>Lernende in Lehrveranstaltungen st\u00e4rker einbeziehen, selbstregulierte Lernprozesse f\u00f6rdern, kollaboratives und vernetztes Arbeiten erleichtern oder die Alltagsmedien Studierender f\u00fcr Bildungsprozesse nutzbar machen: Soziale Medien erleben einen enormen Zuspruch und bieten viel Potential f\u00fcr die Lehre. Die webbasierten, meist kostenfreien und einfach zu bedienenden Tools f\u00f6rdern weltweite Vernetzung, kollaborativen Wissensaustausch, schnelle Inhaltserstellung und lernerzentrierte Lehre.<\/p>\n<p><strong>Zweit\u00e4gige Fortbildung f\u00fcr Lehrende an der Freien Universit\u00e4t<\/strong><\/p>\n<p>Lernen Sie in nur 2 Tagen die wichtigsten Social Media Tools kennen und entdecken Sie die M\u00f6glichkeiten f\u00fcr den Einsatz in der Lehre. Erproben Sie ausgew\u00e4hlte Werkzeuge praktisch, entwickeln Sie Ideen f\u00fcr die eigene Lehre und erhalten Sie hierf\u00fcr n\u00fctzliche Tipps.<\/p>\n<pre><strong>Teaching Lab: Soziale Medien in der Lehre<\/strong>\r\n<strong>Termin: 16. \u2013 17. M\u00e4rz 2015<\/strong><\/pre>\n<p><a href=\"https:\/\/www.cedis.fu-berlin.de\/e-learning\/fortbildung\/workshops\/social_media\/teaching_lab_20150316.html\">\u00bb Informationen zum Workshop und zur Teilnahme<\/a><\/p>\n","protected":false},"excerpt":{"rendered":"<p>Teaching Lab: Soziale Medien in der Lehre Zweit\u00e4giger Kurs f\u00fcr FU-Lehrende Lernende in Lehrveranstaltungen st\u00e4rker einbeziehen, selbstregulierte Lernprozesse f\u00f6rdern, kollaboratives und vernetztes Arbeiten erleichtern oder die Alltagsmedien Studierender f\u00fcr Bildungsprozesse nutzbar machen: Soziale Medien erleben einen enormen Zuspruch und bieten viel Potential f\u00fcr die Lehre. Die webbasierten, meist kostenfreien und einfach zu bedienenden Tools f\u00f6rdern &hellip; <a href=\"https:\/\/blogs.fu-berlin.de\/ideenbar\/2015\/02\/24\/einladung-zur-fortbildung-teaching-lab\/\" class=\"more-link\"><span class=\"screen-reader-text\">\u201eEinladung zur Fortbildung: Teaching Lab\u201c<\/span> weiterlesen<\/a><\/p>\n","protected":false},"author":426,"featured_media":0,"comment_status":"open","ping_status":"open","sticky":false,"template":"","format":"standard","meta":{"footnotes":""},"categories":[522],"tags":[43494,28033,980,1338],"class_list":["post-1783","post","type-post","status-publish","format-standard","hentry","category-fortbildung","tag-fortbildungen","tag-lehre-2-0","tag-social-media","tag-web-2-0"],"_links":{"self":[{"href":"https:\/\/blogs.fu-berlin.de\/ideenbar\/wp-json\/wp\/v2\/posts\/1783","targetHints":{"allow":["GET"]}}],"collection":[{"href":"https:\/\/blogs.fu-berlin.de\/ideenbar\/wp-json\/wp\/v2\/posts"}],"about":[{"href":"https:\/\/blogs.fu-berlin.de\/ideenbar\/wp-json\/wp\/v2\/types\/post"}],"author":[{"embeddable":true,"href":"https:\/\/blogs.fu-berlin.de\/ideenbar\/wp-json\/wp\/v2\/users\/426"}],"replies":[{"embeddable":true,"href":"https:\/\/blogs.fu-berlin.de\/ideenbar\/wp-json\/wp\/v2\/comments?post=1783"}],"version-history":[{"count":4,"href":"https:\/\/blogs.fu-berlin.de\/ideenbar\/wp-json\/wp\/v2\/posts\/1783\/revisions"}],"predecessor-version":[{"id":1785,"href":"https:\/\/blogs.fu-berlin.de\/ideenbar\/wp-json\/wp\/v2\/posts\/1783\/revisions\/1785"}],"wp:attachment":[{"href":"https:\/\/blogs.fu-berlin.de\/ideenbar\/wp-json\/wp\/v2\/media?parent=1783"}],"wp:term":[{"taxonomy":"category","embeddable":true,"href":"https:\/\/blogs.fu-berlin.de\/ideenbar\/wp-json\/wp\/v2\/categories?post=1783"},{"taxonomy":"post_tag","embeddable":true,"href":"https:\/\/blogs.fu-berlin.de\/ideenbar\/wp-json\/wp\/v2\/tags?post=1783"}],"curies":[{"name":"wp","href":"https:\/\/api.w.org\/{rel}","templated":true}]}}