{"id":1817,"date":"2015-03-18T18:42:23","date_gmt":"2015-03-18T16:42:23","guid":{"rendered":"https:\/\/blogs.fu-berlin.de\/ideenbar\/?p=1817"},"modified":"2016-09-01T15:52:49","modified_gmt":"2016-09-01T13:52:49","slug":"social-media-in-lehre-und-forschung-nutzertreffen","status":"publish","type":"post","link":"https:\/\/blogs.fu-berlin.de\/ideenbar\/2015\/03\/18\/social-media-in-lehre-und-forschung-nutzertreffen\/","title":{"rendered":"Social Media in Lehre und Forschung: Nutzertreffen"},"content":{"rendered":"<p>&nbsp;<\/p>\n<div class=\"entry\">\n<p>Social Media wie Wikis, Blogs, Twitter &amp; Co. verzeichnen rasant wachsende Nutzerzahlen. Dozent\/innen und Wissenschaftler\/innen nutzen zunehmend Web 2.0 Anwendungen wie Social Bookmarking, Web-Desktops,\u00a0Online-Terminplaner, Social Networks, Collaborative Writing Pads, Blogs usw. in Lehre und Forschung.<\/p>\n<p>In dem Nutzertreffen f\u00fcr Social Media in Lehre und Forschung m\u00f6chten wir mit Ihnen Ihre Erfahrungen im Einsatz von Social Media diskutieren, M\u00f6glichkeiten und Grenzen ausloten und \u00fcber Verbesserungen reden. Das Nutzertreffen dient dem Austausch von Ideen und Anregungen und soll helfen, Nutzerinnen und Nutzer von Social Media in Lehre und Forschung an der FU zu vernetzen. Seien Sie dabei!<\/p>\n<p><strong>Social Media in Lehre und Forschung: Nutzertreffen am Freitag, 27. M\u00e4rz, 13 &#8211; 15 Uhr.<\/strong><\/p>\n<p><a title=\"Nutzertreffen\" href=\"https:\/\/www.cedis.fu-berlin.de\/e-learning\/fortbildung\/workshops\/social_media\/social_nutzer_20150327.html\" target=\"_blank\">Zur Anmeldung hier entlang &gt;&gt;<\/a><\/p>\n<p>&nbsp;<\/p>\n<\/div>\n","protected":false},"excerpt":{"rendered":"<p>&nbsp; Social Media wie Wikis, Blogs, Twitter &amp; Co. verzeichnen rasant wachsende Nutzerzahlen. Dozent\/innen und Wissenschaftler\/innen nutzen zunehmend Web 2.0 Anwendungen wie Social Bookmarking, Web-Desktops,\u00a0Online-Terminplaner, Social Networks, Collaborative Writing Pads, Blogs usw. in Lehre und Forschung. In dem Nutzertreffen f\u00fcr Social Media in Lehre und Forschung m\u00f6chten wir mit Ihnen Ihre Erfahrungen im Einsatz von &hellip; <a href=\"https:\/\/blogs.fu-berlin.de\/ideenbar\/2015\/03\/18\/social-media-in-lehre-und-forschung-nutzertreffen\/\" class=\"more-link\"><span class=\"screen-reader-text\">\u201eSocial Media in Lehre und Forschung: Nutzertreffen\u201c<\/span> weiterlesen<\/a><\/p>\n","protected":false},"author":93,"featured_media":0,"comment_status":"open","ping_status":"open","sticky":false,"template":"","format":"standard","meta":{"footnotes":""},"categories":[522],"tags":[43494,28033,12583,980,12042],"class_list":["post-1817","post","type-post","status-publish","format-standard","hentry","category-fortbildung","tag-fortbildungen","tag-lehre-2-0","tag-nutzertreffen","tag-social-media","tag-forschung"],"_links":{"self":[{"href":"https:\/\/blogs.fu-berlin.de\/ideenbar\/wp-json\/wp\/v2\/posts\/1817","targetHints":{"allow":["GET"]}}],"collection":[{"href":"https:\/\/blogs.fu-berlin.de\/ideenbar\/wp-json\/wp\/v2\/posts"}],"about":[{"href":"https:\/\/blogs.fu-berlin.de\/ideenbar\/wp-json\/wp\/v2\/types\/post"}],"author":[{"embeddable":true,"href":"https:\/\/blogs.fu-berlin.de\/ideenbar\/wp-json\/wp\/v2\/users\/93"}],"replies":[{"embeddable":true,"href":"https:\/\/blogs.fu-berlin.de\/ideenbar\/wp-json\/wp\/v2\/comments?post=1817"}],"version-history":[{"count":4,"href":"https:\/\/blogs.fu-berlin.de\/ideenbar\/wp-json\/wp\/v2\/posts\/1817\/revisions"}],"predecessor-version":[{"id":5321,"href":"https:\/\/blogs.fu-berlin.de\/ideenbar\/wp-json\/wp\/v2\/posts\/1817\/revisions\/5321"}],"wp:attachment":[{"href":"https:\/\/blogs.fu-berlin.de\/ideenbar\/wp-json\/wp\/v2\/media?parent=1817"}],"wp:term":[{"taxonomy":"category","embeddable":true,"href":"https:\/\/blogs.fu-berlin.de\/ideenbar\/wp-json\/wp\/v2\/categories?post=1817"},{"taxonomy":"post_tag","embeddable":true,"href":"https:\/\/blogs.fu-berlin.de\/ideenbar\/wp-json\/wp\/v2\/tags?post=1817"}],"curies":[{"name":"wp","href":"https:\/\/api.w.org\/{rel}","templated":true}]}}