{"id":1831,"date":"2015-03-23T11:26:36","date_gmt":"2015-03-23T10:26:36","guid":{"rendered":"https:\/\/blogs.fu-berlin.de\/ideenbar\/?p=1831"},"modified":"2015-09-15T11:53:05","modified_gmt":"2015-09-15T09:53:05","slug":"konferenz-zu-e-learning-trends","status":"publish","type":"post","link":"https:\/\/blogs.fu-berlin.de\/ideenbar\/2015\/03\/23\/konferenz-zu-e-learning-trends\/","title":{"rendered":"Konferenz zu E-Learning-Trends"},"content":{"rendered":"<p class=\"bodytext\">Im April veranstaltet der Virtuelle Campus Rheinland-Pfalz eine Konferenz zum Thema &#8222;E-Learning-Trends&#8220;. Als Ausgangspunkt dient der k\u00fcrzlich erschienene <a href=\"https:\/\/blogs.fu-berlin.de\/ideenbar\/2015\/02\/23\/trends-im-e-learning-horizon-report-2015-higher-education\/\">Horizon Report<\/a>. Dieser zeigt Trends im E-Learning auf und bildet die Grundlage f\u00fcr die Diskussion und Planung von innovativen technologieunterst\u00fctzten Lehr-\/Lernszenarien.<\/p>\n<blockquote>\n<p class=\"bodytext\">Gemeinsam mit E-Learning Interessierten aus dem Hochschulbereich m\u00f6chten wir die aktuellen Trends genauer unter die Lupe nehmen: Gibt es \u00fcberhaupt neue Trends? Was bedeuten die einzelnen Trends f\u00fcr die Hochschullehre? Wie k\u00f6nnen wir als Lehrende die Entwicklungen sinnvoll nutzen? Wo sind die Grenzen? Dies sind nur einige der Fragen, denen wir in der Konferenz nachgehen.<\/p>\n<\/blockquote>\n<div class=\"csc-header csc-header-n4\">\n<h3>Themen<\/h3>\n<\/div>\n<ul>\n<li>Personalisiertes Lernen<\/li>\n<li>Wearable Technologies<\/li>\n<li>Videobasiertes Lernen<\/li>\n<li>Flipped Classroom<\/li>\n<li>Open Educational Ressources (OER)<\/li>\n<li>Bring Your Own Device (BYOD)<\/li>\n<\/ul>\n<div class=\"csc-header csc-header-n4\">\n<h3>Konferenz<\/h3>\n<\/div>\n<ul>\n<li>28. April 2015<\/li>\n<li><a href=\"https:\/\/www.vcrp.de\/index.php?id=767&amp;no_cache=1\" target=\"_blank\">&gt;&gt; weitere Informationen und Anmeldung<\/a><\/li>\n<\/ul>\n","protected":false},"excerpt":{"rendered":"<p>Im April veranstaltet der Virtuelle Campus Rheinland-Pfalz eine Konferenz zum Thema &#8222;E-Learning-Trends&#8220;. Als Ausgangspunkt dient der k\u00fcrzlich erschienene Horizon Report. Dieser zeigt Trends im E-Learning auf und bildet die Grundlage f\u00fcr die Diskussion und Planung von innovativen technologieunterst\u00fctzten Lehr-\/Lernszenarien. Gemeinsam mit E-Learning Interessierten aus dem Hochschulbereich m\u00f6chten wir die aktuellen Trends genauer unter die Lupe &hellip; <a href=\"https:\/\/blogs.fu-berlin.de\/ideenbar\/2015\/03\/23\/konferenz-zu-e-learning-trends\/\" class=\"more-link\"><span class=\"screen-reader-text\">\u201eKonferenz zu E-Learning-Trends\u201c<\/span> weiterlesen<\/a><\/p>\n","protected":false},"author":426,"featured_media":0,"comment_status":"open","ping_status":"open","sticky":false,"template":"","format":"standard","meta":{"footnotes":""},"categories":[9],"tags":[2122],"class_list":["post-1831","post","type-post","status-publish","format-standard","hentry","category-allgemein","tag-event"],"_links":{"self":[{"href":"https:\/\/blogs.fu-berlin.de\/ideenbar\/wp-json\/wp\/v2\/posts\/1831","targetHints":{"allow":["GET"]}}],"collection":[{"href":"https:\/\/blogs.fu-berlin.de\/ideenbar\/wp-json\/wp\/v2\/posts"}],"about":[{"href":"https:\/\/blogs.fu-berlin.de\/ideenbar\/wp-json\/wp\/v2\/types\/post"}],"author":[{"embeddable":true,"href":"https:\/\/blogs.fu-berlin.de\/ideenbar\/wp-json\/wp\/v2\/users\/426"}],"replies":[{"embeddable":true,"href":"https:\/\/blogs.fu-berlin.de\/ideenbar\/wp-json\/wp\/v2\/comments?post=1831"}],"version-history":[{"count":2,"href":"https:\/\/blogs.fu-berlin.de\/ideenbar\/wp-json\/wp\/v2\/posts\/1831\/revisions"}],"predecessor-version":[{"id":1833,"href":"https:\/\/blogs.fu-berlin.de\/ideenbar\/wp-json\/wp\/v2\/posts\/1831\/revisions\/1833"}],"wp:attachment":[{"href":"https:\/\/blogs.fu-berlin.de\/ideenbar\/wp-json\/wp\/v2\/media?parent=1831"}],"wp:term":[{"taxonomy":"category","embeddable":true,"href":"https:\/\/blogs.fu-berlin.de\/ideenbar\/wp-json\/wp\/v2\/categories?post=1831"},{"taxonomy":"post_tag","embeddable":true,"href":"https:\/\/blogs.fu-berlin.de\/ideenbar\/wp-json\/wp\/v2\/tags?post=1831"}],"curies":[{"name":"wp","href":"https:\/\/api.w.org\/{rel}","templated":true}]}}