{"id":1862,"date":"2015-04-02T09:00:34","date_gmt":"2015-04-02T07:00:34","guid":{"rendered":"https:\/\/blogs.fu-berlin.de\/ideenbar\/?p=1862"},"modified":"2015-09-15T11:22:01","modified_gmt":"2015-09-15T09:22:01","slug":"rueckblick-social-media-nutzertreffen","status":"publish","type":"post","link":"https:\/\/blogs.fu-berlin.de\/ideenbar\/2015\/04\/02\/rueckblick-social-media-nutzertreffen\/","title":{"rendered":"R\u00fcckblick: Social-Media-Nutzertreffen"},"content":{"rendered":"<h3>Social Media in Lehre und Forschung: Nutzertreffen<\/h3>\n<p>Am 27. M\u00e4rz war es wieder soweit: Social-Media-Nutzer\/innen kamen in der <strong>AustauchBar<\/strong> des <a href=\"https:\/\/www.netvibes.com\/infobar#Social_Media_Cafe\" target=\"_blank\">Social Media Caf\u00e9s<\/a> zusammen, um sich \u00fcber die gesammelten Erfahrungen beim Einsatz von Social Media im Lehr- und Wissenschaftsalltag auszutauschen, weitere M\u00f6glichkeiten kennenzulernen und Tipps zu erhalten. Im Fokus des Austauschs standen dieses Mal &#8222;Wikis&#8220; und &#8222;Web-Desktops&#8220; (siehe <a href=\"https:\/\/blogs.fu-berlin.de\/ideenbar\/tools\/\" target=\"_blank\">Tool-Portfolio<\/a>) Die AustauschBar fungiert als informelles Usertreffen, in denen die Nutzer\/innen im Zentrum stehen und die f\u00fcr sie interessanten Tools, aufgetretenen technischen Schwierigkeiten und zu diskutierenden Erfahrungen (z.B. bei der mediendidaktischen Konzeption, bei der teletutoriellen Betreuung, &#8230;). Unterst\u00fctzt wurde das Social-Media-Nutzertreffen wie immer mit dem <a href=\"https:\/\/wikis.fu-berlin.de\/display\/austauschbar\/\" target=\"_blank\">Wiki zur AustauschBar<\/a>, in dem (f\u00fcr den Nutzerkreis des 27.03.) aufgetretene Fragen, Antworten, Ideen usw. eingestellt sind.<\/p>\n","protected":false},"excerpt":{"rendered":"<p>Social Media in Lehre und Forschung: Nutzertreffen Am 27. M\u00e4rz war es wieder soweit: Social-Media-Nutzer\/innen kamen in der AustauchBar des Social Media Caf\u00e9s zusammen, um sich \u00fcber die gesammelten Erfahrungen beim Einsatz von Social Media im Lehr- und Wissenschaftsalltag auszutauschen, weitere M\u00f6glichkeiten kennenzulernen und Tipps zu erhalten. Im Fokus des Austauschs standen dieses Mal &#8222;Wikis&#8220; &hellip; <a href=\"https:\/\/blogs.fu-berlin.de\/ideenbar\/2015\/04\/02\/rueckblick-social-media-nutzertreffen\/\" class=\"more-link\"><span class=\"screen-reader-text\">\u201eR\u00fcckblick: Social-Media-Nutzertreffen\u201c<\/span> weiterlesen<\/a><\/p>\n","protected":false},"author":426,"featured_media":0,"comment_status":"open","ping_status":"open","sticky":false,"template":"","format":"standard","meta":{"footnotes":""},"categories":[522],"tags":[43494],"class_list":["post-1862","post","type-post","status-publish","format-standard","hentry","category-fortbildung","tag-fortbildungen"],"_links":{"self":[{"href":"https:\/\/blogs.fu-berlin.de\/ideenbar\/wp-json\/wp\/v2\/posts\/1862","targetHints":{"allow":["GET"]}}],"collection":[{"href":"https:\/\/blogs.fu-berlin.de\/ideenbar\/wp-json\/wp\/v2\/posts"}],"about":[{"href":"https:\/\/blogs.fu-berlin.de\/ideenbar\/wp-json\/wp\/v2\/types\/post"}],"author":[{"embeddable":true,"href":"https:\/\/blogs.fu-berlin.de\/ideenbar\/wp-json\/wp\/v2\/users\/426"}],"replies":[{"embeddable":true,"href":"https:\/\/blogs.fu-berlin.de\/ideenbar\/wp-json\/wp\/v2\/comments?post=1862"}],"version-history":[{"count":1,"href":"https:\/\/blogs.fu-berlin.de\/ideenbar\/wp-json\/wp\/v2\/posts\/1862\/revisions"}],"predecessor-version":[{"id":1863,"href":"https:\/\/blogs.fu-berlin.de\/ideenbar\/wp-json\/wp\/v2\/posts\/1862\/revisions\/1863"}],"wp:attachment":[{"href":"https:\/\/blogs.fu-berlin.de\/ideenbar\/wp-json\/wp\/v2\/media?parent=1862"}],"wp:term":[{"taxonomy":"category","embeddable":true,"href":"https:\/\/blogs.fu-berlin.de\/ideenbar\/wp-json\/wp\/v2\/categories?post=1862"},{"taxonomy":"post_tag","embeddable":true,"href":"https:\/\/blogs.fu-berlin.de\/ideenbar\/wp-json\/wp\/v2\/tags?post=1862"}],"curies":[{"name":"wp","href":"https:\/\/api.w.org\/{rel}","templated":true}]}}