{"id":1900,"date":"2015-02-08T09:00:02","date_gmt":"2015-02-08T08:00:02","guid":{"rendered":"https:\/\/blogs.fu-berlin.de\/ideenbar\/?p=1900"},"modified":"2016-02-08T12:50:52","modified_gmt":"2016-02-08T11:50:52","slug":"twitter-aenderung-der-agb-datenschutzrichtlinie","status":"publish","type":"post","link":"https:\/\/blogs.fu-berlin.de\/ideenbar\/2015\/02\/08\/twitter-aenderung-der-agb-datenschutzrichtlinie\/","title":{"rendered":"Twitter: \u00c4nderung der AGB &amp; Datenschutzrichtlinie"},"content":{"rendered":"<p><span style=\"color: #99cc00\"><strong><em>Kurzmitteilung<\/em><\/strong><\/span><\/p>\n<p>Der Kurznachrichten-Dienst Twitter \u00e4ndert mit Wirkung zum 18. Mai 2015 seine\u00a0<a title=\"Twitter_AGB_Datenschutzrichtlinie\" href=\"https:\/\/support.twitter.com\/articles\/20172531-aktualisierung-des-datenschutzes-anderungen-unserer-richtlinien#\" target=\"_blank\">Allgemeinen Gesch\u00e4ftsbedingungen und seine Datenschutzrichtlinie<\/a>.\u00a0Zu den\u00a0wichtigsten \u00c4nderungen z\u00e4hlt, dass Nutzer-Daten europ\u00e4ischer Nutzer\/innen\u00a0nach dem irischen Recht verwaltet werden &#8211; von der\u00a0<em>Twitter International Company.<\/em><\/p>\n<p>&nbsp;<\/p>\n","protected":false},"excerpt":{"rendered":"<p>Kurzmitteilung Der Kurznachrichten-Dienst Twitter \u00e4ndert mit Wirkung zum 18. Mai 2015 seine\u00a0Allgemeinen Gesch\u00e4ftsbedingungen und seine Datenschutzrichtlinie.\u00a0Zu den\u00a0wichtigsten \u00c4nderungen z\u00e4hlt, dass Nutzer-Daten europ\u00e4ischer Nutzer\/innen\u00a0nach dem irischen Recht verwaltet werden &#8211; von der\u00a0Twitter International Company. &nbsp;<\/p>\n","protected":false},"author":93,"featured_media":0,"comment_status":"open","ping_status":"open","sticky":false,"template":"","format":"standard","meta":{"footnotes":""},"categories":[9],"tags":[46826,370,46840,368,51181],"class_list":["post-1900","post","type-post","status-publish","format-standard","hentry","category-allgemein","tag-agb","tag-datenschutz","tag-kurzmitteilung","tag-recht","tag-twitter"],"_links":{"self":[{"href":"https:\/\/blogs.fu-berlin.de\/ideenbar\/wp-json\/wp\/v2\/posts\/1900","targetHints":{"allow":["GET"]}}],"collection":[{"href":"https:\/\/blogs.fu-berlin.de\/ideenbar\/wp-json\/wp\/v2\/posts"}],"about":[{"href":"https:\/\/blogs.fu-berlin.de\/ideenbar\/wp-json\/wp\/v2\/types\/post"}],"author":[{"embeddable":true,"href":"https:\/\/blogs.fu-berlin.de\/ideenbar\/wp-json\/wp\/v2\/users\/93"}],"replies":[{"embeddable":true,"href":"https:\/\/blogs.fu-berlin.de\/ideenbar\/wp-json\/wp\/v2\/comments?post=1900"}],"version-history":[{"count":6,"href":"https:\/\/blogs.fu-berlin.de\/ideenbar\/wp-json\/wp\/v2\/posts\/1900\/revisions"}],"predecessor-version":[{"id":1911,"href":"https:\/\/blogs.fu-berlin.de\/ideenbar\/wp-json\/wp\/v2\/posts\/1900\/revisions\/1911"}],"wp:attachment":[{"href":"https:\/\/blogs.fu-berlin.de\/ideenbar\/wp-json\/wp\/v2\/media?parent=1900"}],"wp:term":[{"taxonomy":"category","embeddable":true,"href":"https:\/\/blogs.fu-berlin.de\/ideenbar\/wp-json\/wp\/v2\/categories?post=1900"},{"taxonomy":"post_tag","embeddable":true,"href":"https:\/\/blogs.fu-berlin.de\/ideenbar\/wp-json\/wp\/v2\/tags?post=1900"}],"curies":[{"name":"wp","href":"https:\/\/api.w.org\/{rel}","templated":true}]}}