{"id":2070,"date":"2015-05-04T11:12:25","date_gmt":"2015-05-04T09:12:25","guid":{"rendered":"https:\/\/blogs.fu-berlin.de\/ideenbar\/?p=2070"},"modified":"2015-05-18T12:26:18","modified_gmt":"2015-05-18T10:26:18","slug":"machen-soziale-medien-das-lernen-sozialer","status":"publish","type":"post","link":"https:\/\/blogs.fu-berlin.de\/ideenbar\/2015\/05\/04\/machen-soziale-medien-das-lernen-sozialer\/","title":{"rendered":"Machen soziale Medien das Lernen \u201esozialer\u201c?"},"content":{"rendered":"<h3><span style=\"color: #99cc00\">Ank\u00fcndigung Online-Event<\/span><\/h3>\n<p>Bald findet das zweite Online-Event im Rahmen des <a href=\"https:\/\/blogs.fu-berlin.de\/ideenbar\/2015\/04\/28\/themenspecial-social-media-social-learning\/\">Themenspecials <\/a>&#8222;Social Media &#8211; Social Learning&#8220; von e-teaching.org statt:<\/p>\n<blockquote><p>Am Mittwoch, 06.05.2015 ab 14:00 Uhr ist der bekannte YouTube-Professor<br \/>\nund Mathematikdidaktiker Prof. Dr. Christian Spannagel zu Gast.<br \/>\nAufbauend auf langj\u00e4hrige eigene Lehrerfahrung mit sozialen Medien an<br \/>\nder Hochschule er\u00f6rtert er, unter welchen Umst\u00e4nden Social Media<br \/>\nLehrszenarien bereichern kann.<\/p><\/blockquote>\n<p>Mehr Informationen zum Online-Event sowie den Login finden Sie unter:<br \/>\n<a href=\"https:\/\/www.e-teaching.org\/community\/communityevents\/ringvorlesung\/machen-soziale-medien-das-lernen-sozialer\/\">https:\/\/www.e-teaching.org\/community\/communityevents\/ringvorlesung\/machen-soziale-medien-das-lernen-sozialer\/<\/a><\/p>\n","protected":false},"excerpt":{"rendered":"<p>Ank\u00fcndigung Online-Event Bald findet das zweite Online-Event im Rahmen des Themenspecials &#8222;Social Media &#8211; Social Learning&#8220; von e-teaching.org statt: Am Mittwoch, 06.05.2015 ab 14:00 Uhr ist der bekannte YouTube-Professor und Mathematikdidaktiker Prof. Dr. Christian Spannagel zu Gast. Aufbauend auf langj\u00e4hrige eigene Lehrerfahrung mit sozialen Medien an der Hochschule er\u00f6rtert er, unter welchen Umst\u00e4nden Social Media &hellip; <a href=\"https:\/\/blogs.fu-berlin.de\/ideenbar\/2015\/05\/04\/machen-soziale-medien-das-lernen-sozialer\/\" class=\"more-link\"><span class=\"screen-reader-text\">\u201eMachen soziale Medien das Lernen \u201esozialer\u201c?\u201c<\/span> weiterlesen<\/a><\/p>\n","protected":false},"author":426,"featured_media":0,"comment_status":"open","ping_status":"open","sticky":false,"template":"","format":"standard","meta":{"footnotes":""},"categories":[9],"tags":[2122,980],"class_list":["post-2070","post","type-post","status-publish","format-standard","hentry","category-allgemein","tag-event","tag-social-media"],"_links":{"self":[{"href":"https:\/\/blogs.fu-berlin.de\/ideenbar\/wp-json\/wp\/v2\/posts\/2070","targetHints":{"allow":["GET"]}}],"collection":[{"href":"https:\/\/blogs.fu-berlin.de\/ideenbar\/wp-json\/wp\/v2\/posts"}],"about":[{"href":"https:\/\/blogs.fu-berlin.de\/ideenbar\/wp-json\/wp\/v2\/types\/post"}],"author":[{"embeddable":true,"href":"https:\/\/blogs.fu-berlin.de\/ideenbar\/wp-json\/wp\/v2\/users\/426"}],"replies":[{"embeddable":true,"href":"https:\/\/blogs.fu-berlin.de\/ideenbar\/wp-json\/wp\/v2\/comments?post=2070"}],"version-history":[{"count":1,"href":"https:\/\/blogs.fu-berlin.de\/ideenbar\/wp-json\/wp\/v2\/posts\/2070\/revisions"}],"predecessor-version":[{"id":2071,"href":"https:\/\/blogs.fu-berlin.de\/ideenbar\/wp-json\/wp\/v2\/posts\/2070\/revisions\/2071"}],"wp:attachment":[{"href":"https:\/\/blogs.fu-berlin.de\/ideenbar\/wp-json\/wp\/v2\/media?parent=2070"}],"wp:term":[{"taxonomy":"category","embeddable":true,"href":"https:\/\/blogs.fu-berlin.de\/ideenbar\/wp-json\/wp\/v2\/categories?post=2070"},{"taxonomy":"post_tag","embeddable":true,"href":"https:\/\/blogs.fu-berlin.de\/ideenbar\/wp-json\/wp\/v2\/tags?post=2070"}],"curies":[{"name":"wp","href":"https:\/\/api.w.org\/{rel}","templated":true}]}}