{"id":2192,"date":"2015-06-03T10:02:37","date_gmt":"2015-06-03T08:02:37","guid":{"rendered":"https:\/\/blogs.fu-berlin.de\/ideenbar\/?p=2192"},"modified":"2015-06-03T16:41:35","modified_gmt":"2015-06-03T14:41:35","slug":"studentische-beteiligung-online-ermoeglichen","status":"publish","type":"post","link":"https:\/\/blogs.fu-berlin.de\/ideenbar\/2015\/06\/03\/studentische-beteiligung-online-ermoeglichen\/","title":{"rendered":"Studentische Beteiligung erm\u00f6glichen mit Social Media"},"content":{"rendered":"<h3><span style=\"color: #99cc00\">Ank\u00fcndigung Online-Event<\/span><\/h3>\n<p>Am Montag findet das n\u00e4chste Online-Event im Rahmen des <a href=\"https:\/\/blogs.fu-berlin.de\/ideenbar\/2015\/04\/28\/themenspecial-social-media-social-learning\/\">Themenspecials <\/a>\u201cSocial Media \u2013 Social Learning\u201d von e-teaching.org statt: \u201eStudentische Beteiligung online erm\u00f6glichen&#8220;:<\/p>\n<blockquote><p>Zu Gast sind Dr. Sandra Hofhues von der Zeppelin Universit\u00e4t, die in<br \/>\nihrer Lehre h\u00e4ufig Blogs und Twitter einsetzt, und Silvia Hartung M.A.<br \/>\nder Universit\u00e4t der Bundeswehr M\u00fcnchen, die Studierende \u00fcber<br \/>\nPeer-Feedback in E-Portfolio-Assessments einbindet. Doch was halten die<br \/>\nStudierenden davon, im Social Web nicht nur privat, sondern auch<br \/>\nstudienbezogen pr\u00e4sent zu sein und ihre Kommiliton\/innen bewerten zu<br \/>\nm\u00fcssen? Die studentische Perspektive vertritt Simon Retzman B.A.,<br \/>\nGeschichtsstudent und studentischer Mitarbeiter der Stabsstelle eLearning<br \/>\nan der Ruhr-Universit\u00e4t Bochum.<\/p><\/blockquote>\n<p><strong>Online-Podium: Montag, den 8. Juni, um 14.30 Uhr.<\/strong><\/p>\n<p>Weitere Informationen sowie den Login finden Sie <a href=\"https:\/\/www.e-teaching.org\/community\/communityevents\/onlinepodium\/studentische-beteiligung-online-ermoeglichen\" target=\"_blank\">hier<\/a><\/p>\n","protected":false},"excerpt":{"rendered":"<p>Ank\u00fcndigung Online-Event Am Montag findet das n\u00e4chste Online-Event im Rahmen des Themenspecials \u201cSocial Media \u2013 Social Learning\u201d von e-teaching.org statt: \u201eStudentische Beteiligung online erm\u00f6glichen&#8220;: Zu Gast sind Dr. Sandra Hofhues von der Zeppelin Universit\u00e4t, die in ihrer Lehre h\u00e4ufig Blogs und Twitter einsetzt, und Silvia Hartung M.A. der Universit\u00e4t der Bundeswehr M\u00fcnchen, die Studierende \u00fcber &hellip; <a href=\"https:\/\/blogs.fu-berlin.de\/ideenbar\/2015\/06\/03\/studentische-beteiligung-online-ermoeglichen\/\" class=\"more-link\"><span class=\"screen-reader-text\">\u201eStudentische Beteiligung erm\u00f6glichen mit Social Media\u201c<\/span> weiterlesen<\/a><\/p>\n","protected":false},"author":426,"featured_media":0,"comment_status":"open","ping_status":"open","sticky":false,"template":"","format":"standard","meta":{"footnotes":""},"categories":[9],"tags":[2122,980],"class_list":["post-2192","post","type-post","status-publish","format-standard","hentry","category-allgemein","tag-event","tag-social-media"],"_links":{"self":[{"href":"https:\/\/blogs.fu-berlin.de\/ideenbar\/wp-json\/wp\/v2\/posts\/2192","targetHints":{"allow":["GET"]}}],"collection":[{"href":"https:\/\/blogs.fu-berlin.de\/ideenbar\/wp-json\/wp\/v2\/posts"}],"about":[{"href":"https:\/\/blogs.fu-berlin.de\/ideenbar\/wp-json\/wp\/v2\/types\/post"}],"author":[{"embeddable":true,"href":"https:\/\/blogs.fu-berlin.de\/ideenbar\/wp-json\/wp\/v2\/users\/426"}],"replies":[{"embeddable":true,"href":"https:\/\/blogs.fu-berlin.de\/ideenbar\/wp-json\/wp\/v2\/comments?post=2192"}],"version-history":[{"count":3,"href":"https:\/\/blogs.fu-berlin.de\/ideenbar\/wp-json\/wp\/v2\/posts\/2192\/revisions"}],"predecessor-version":[{"id":2202,"href":"https:\/\/blogs.fu-berlin.de\/ideenbar\/wp-json\/wp\/v2\/posts\/2192\/revisions\/2202"}],"wp:attachment":[{"href":"https:\/\/blogs.fu-berlin.de\/ideenbar\/wp-json\/wp\/v2\/media?parent=2192"}],"wp:term":[{"taxonomy":"category","embeddable":true,"href":"https:\/\/blogs.fu-berlin.de\/ideenbar\/wp-json\/wp\/v2\/categories?post=2192"},{"taxonomy":"post_tag","embeddable":true,"href":"https:\/\/blogs.fu-berlin.de\/ideenbar\/wp-json\/wp\/v2\/tags?post=2192"}],"curies":[{"name":"wp","href":"https:\/\/api.w.org\/{rel}","templated":true}]}}