{"id":2457,"date":"2015-07-29T10:15:31","date_gmt":"2015-07-29T08:15:31","guid":{"rendered":"https:\/\/blogs.fu-berlin.de\/ideenbar\/?p=2457"},"modified":"2015-07-28T11:36:10","modified_gmt":"2015-07-28T09:36:10","slug":"social-media-2015-die-aktuellen-nutzerzahlen","status":"publish","type":"post","link":"https:\/\/blogs.fu-berlin.de\/ideenbar\/2015\/07\/29\/social-media-2015-die-aktuellen-nutzerzahlen\/","title":{"rendered":"Social Media 2015: Die aktuellen Nutzerzahlen"},"content":{"rendered":"<p><span style=\"color: #99cc00\"><strong>Kurzmitteilung<\/strong><\/span><\/p>\n<p><span style=\"color: #000000\"><strong>30% der Weltbev\u00f6lkerung nutzen Social Media<\/strong><\/span><\/p>\n<p>SimpleMaesured &#8211; eine auf Social-Analytics-Auswertungen ausgerichtete Agentur ver\u00f6ffentlichte k\u00fcrzlich den Report \u201e<a href=\"https:\/\/get.simplymeasured.com\/rs\/801-IXO-022\/images\/2015StateOfSocialMedia.pdf\" target=\"_blank\">The State of Social Marketing 2015<\/a>\u2033. Neben Aspekten zu Social Media Marketing wurden hier auch die aktuellen Nutzerzahlen der sieben gro\u00dfen sozialen Netzwerke ver\u00f6ffentlicht. Das Ergebnis: 2 Milliarden Menschen nutzen inzwischen Social Media, das entspricht 28% der Erdb\u00fcrger. Weit voraus ist immer noch Facebook mit 1.44 Milliarden aktiven Nutzern pro Monat, gefolgt von 1 Milliarde You-Tube-Nutzern monatlich. Aber auch Twitter, Instagram und Google+ werden von 300 Millionen Menschen aktiv genutzt.<\/p>\n<figure id=\"attachment_2458\" aria-describedby=\"caption-attachment-2458\" style=\"width: 548px\" class=\"wp-caption alignleft\"><a href=\"https:\/\/blogs.fu-berlin.de\/ideenbar\/files\/2015\/07\/SoMeNutzer.jpg\"><img loading=\"lazy\" decoding=\"async\" class=\" wp-image-2458\" src=\"https:\/\/blogs.fu-berlin.de\/ideenbar\/files\/2015\/07\/SoMeNutzer.jpg\" alt=\"Quelle: The State of Social Marketing 2015, S. 20\" width=\"548\" height=\"308\" srcset=\"https:\/\/blogs.fu-berlin.de\/ideenbar\/files\/2015\/07\/SoMeNutzer.jpg 639w, https:\/\/blogs.fu-berlin.de\/ideenbar\/files\/2015\/07\/SoMeNutzer-300x169.jpg 300w\" sizes=\"auto, (max-width: 548px) 85vw, 548px\" \/><\/a><figcaption id=\"caption-attachment-2458\" class=\"wp-caption-text\">Quelle: The State of Social Marketing 2015, S. 20<\/figcaption><\/figure>\n<p>&nbsp;<\/p>\n<p>Soziale Netzwerke gewinnen auch f\u00fcr den Bildungsbereich zunehmend an Bedeutung, etwa im Kontext von Communities of Practice, Connected Learning oder Informal Education.<\/p>\n","protected":false},"excerpt":{"rendered":"<p>Kurzmitteilung 30% der Weltbev\u00f6lkerung nutzen Social Media SimpleMaesured &#8211; eine auf Social-Analytics-Auswertungen ausgerichtete Agentur ver\u00f6ffentlichte k\u00fcrzlich den Report \u201eThe State of Social Marketing 2015\u2033. Neben Aspekten zu Social Media Marketing wurden hier auch die aktuellen Nutzerzahlen der sieben gro\u00dfen sozialen Netzwerke ver\u00f6ffentlicht. Das Ergebnis: 2 Milliarden Menschen nutzen inzwischen Social Media, das entspricht 28% der &hellip; <a href=\"https:\/\/blogs.fu-berlin.de\/ideenbar\/2015\/07\/29\/social-media-2015-die-aktuellen-nutzerzahlen\/\" class=\"more-link\"><span class=\"screen-reader-text\">\u201eSocial Media 2015: Die aktuellen Nutzerzahlen\u201c<\/span> weiterlesen<\/a><\/p>\n","protected":false},"author":426,"featured_media":0,"comment_status":"open","ping_status":"open","sticky":false,"template":"","format":"standard","meta":{"footnotes":""},"categories":[9],"tags":[980,34730],"class_list":["post-2457","post","type-post","status-publish","format-standard","hentry","category-allgemein","tag-social-media","tag-soziale-netzwerke"],"_links":{"self":[{"href":"https:\/\/blogs.fu-berlin.de\/ideenbar\/wp-json\/wp\/v2\/posts\/2457","targetHints":{"allow":["GET"]}}],"collection":[{"href":"https:\/\/blogs.fu-berlin.de\/ideenbar\/wp-json\/wp\/v2\/posts"}],"about":[{"href":"https:\/\/blogs.fu-berlin.de\/ideenbar\/wp-json\/wp\/v2\/types\/post"}],"author":[{"embeddable":true,"href":"https:\/\/blogs.fu-berlin.de\/ideenbar\/wp-json\/wp\/v2\/users\/426"}],"replies":[{"embeddable":true,"href":"https:\/\/blogs.fu-berlin.de\/ideenbar\/wp-json\/wp\/v2\/comments?post=2457"}],"version-history":[{"count":4,"href":"https:\/\/blogs.fu-berlin.de\/ideenbar\/wp-json\/wp\/v2\/posts\/2457\/revisions"}],"predecessor-version":[{"id":2464,"href":"https:\/\/blogs.fu-berlin.de\/ideenbar\/wp-json\/wp\/v2\/posts\/2457\/revisions\/2464"}],"wp:attachment":[{"href":"https:\/\/blogs.fu-berlin.de\/ideenbar\/wp-json\/wp\/v2\/media?parent=2457"}],"wp:term":[{"taxonomy":"category","embeddable":true,"href":"https:\/\/blogs.fu-berlin.de\/ideenbar\/wp-json\/wp\/v2\/categories?post=2457"},{"taxonomy":"post_tag","embeddable":true,"href":"https:\/\/blogs.fu-berlin.de\/ideenbar\/wp-json\/wp\/v2\/tags?post=2457"}],"curies":[{"name":"wp","href":"https:\/\/api.w.org\/{rel}","templated":true}]}}