{"id":2514,"date":"2015-09-03T10:11:01","date_gmt":"2015-09-03T08:11:01","guid":{"rendered":"https:\/\/blogs.fu-berlin.de\/ideenbar\/?p=2514"},"modified":"2015-09-03T10:12:47","modified_gmt":"2015-09-03T08:12:47","slug":"von-der-magna-carta-bis-heute","status":"publish","type":"post","link":"https:\/\/blogs.fu-berlin.de\/ideenbar\/2015\/09\/03\/von-der-magna-carta-bis-heute\/","title":{"rendered":"Von der Magna Carta bis heute"},"content":{"rendered":"<p><strong><em><span style=\"color: #99cc00\">Kurzmitteilung<\/span><\/em><\/strong><\/p>\n<div class=\"field field-name-title field-type-ds field-label-hidden\">\n<div class=\"field-items\">\n<div class=\"field-item even\">\n<p class=\"field-item even\">&#8222;800 Jahre Commons &#8211; Von der Magna Carta von 1215 zur P2P Produktion heute&#8220; lautet der Titel einer Veranstaltung der Heinrich-B\u00f6ll-Stiftung, am 8. September 2015, um 19 Uhr, mit David Bollier und Michael Bauwens, die \u00fcber die Entwicklung von Rechtsvorschriften zur Anerkennung und Nutzung von Gemeing\u00fctern (Commons) und P2P-Alternativen berichten.<\/p>\n<p class=\"field-item even\"><span style=\"color: #99cc00\">\u25ba <span style=\"color: #000000\">Mehr Informationen finden sich auf der <a href=\"https:\/\/calendar.boell.de\/de\/event\/800-jahre-commons\" target=\"_blank\">Website<\/a><\/span><\/span><\/p>\n<p class=\"field-item even\">\n<\/div>\n<\/div>\n<\/div>\n","protected":false},"excerpt":{"rendered":"<p>Kurzmitteilung &#8222;800 Jahre Commons &#8211; Von der Magna Carta von 1215 zur P2P Produktion heute&#8220; lautet der Titel einer Veranstaltung der Heinrich-B\u00f6ll-Stiftung, am 8. September 2015, um 19 Uhr, mit David Bollier und Michael Bauwens, die \u00fcber die Entwicklung von Rechtsvorschriften zur Anerkennung und Nutzung von Gemeing\u00fctern (Commons) und P2P-Alternativen berichten. \u25ba Mehr Informationen finden &hellip; <a href=\"https:\/\/blogs.fu-berlin.de\/ideenbar\/2015\/09\/03\/von-der-magna-carta-bis-heute\/\" class=\"more-link\"><span class=\"screen-reader-text\">\u201eVon der Magna Carta bis heute\u201c<\/span> weiterlesen<\/a><\/p>\n","protected":false},"author":93,"featured_media":0,"comment_status":"open","ping_status":"open","sticky":false,"template":"","format":"standard","meta":{"footnotes":""},"categories":[9],"tags":[46920,46840,368],"class_list":["post-2514","post","type-post","status-publish","format-standard","hentry","category-allgemein","tag-commons","tag-kurzmitteilung","tag-recht"],"_links":{"self":[{"href":"https:\/\/blogs.fu-berlin.de\/ideenbar\/wp-json\/wp\/v2\/posts\/2514","targetHints":{"allow":["GET"]}}],"collection":[{"href":"https:\/\/blogs.fu-berlin.de\/ideenbar\/wp-json\/wp\/v2\/posts"}],"about":[{"href":"https:\/\/blogs.fu-berlin.de\/ideenbar\/wp-json\/wp\/v2\/types\/post"}],"author":[{"embeddable":true,"href":"https:\/\/blogs.fu-berlin.de\/ideenbar\/wp-json\/wp\/v2\/users\/93"}],"replies":[{"embeddable":true,"href":"https:\/\/blogs.fu-berlin.de\/ideenbar\/wp-json\/wp\/v2\/comments?post=2514"}],"version-history":[{"count":4,"href":"https:\/\/blogs.fu-berlin.de\/ideenbar\/wp-json\/wp\/v2\/posts\/2514\/revisions"}],"predecessor-version":[{"id":2519,"href":"https:\/\/blogs.fu-berlin.de\/ideenbar\/wp-json\/wp\/v2\/posts\/2514\/revisions\/2519"}],"wp:attachment":[{"href":"https:\/\/blogs.fu-berlin.de\/ideenbar\/wp-json\/wp\/v2\/media?parent=2514"}],"wp:term":[{"taxonomy":"category","embeddable":true,"href":"https:\/\/blogs.fu-berlin.de\/ideenbar\/wp-json\/wp\/v2\/categories?post=2514"},{"taxonomy":"post_tag","embeddable":true,"href":"https:\/\/blogs.fu-berlin.de\/ideenbar\/wp-json\/wp\/v2\/tags?post=2514"}],"curies":[{"name":"wp","href":"https:\/\/api.w.org\/{rel}","templated":true}]}}