{"id":2845,"date":"2015-11-03T09:00:21","date_gmt":"2015-11-03T08:00:21","guid":{"rendered":"https:\/\/blogs.fu-berlin.de\/ideenbar\/?p=2845"},"modified":"2016-09-14T10:37:20","modified_gmt":"2016-09-14T08:37:20","slug":"gerald-1","status":"publish","type":"post","link":"https:\/\/blogs.fu-berlin.de\/ideenbar\/2015\/11\/03\/gerald-1\/","title":{"rendered":"Video-Projekte an der Freien Universit\u00e4t Berlin: Tag 1"},"content":{"rendered":"<h2>Videobasierte Einsatzszenarien<\/h2>\n<h6>Reihe im Monatsspecial &#8222;Videos an der Freien Universit\u00e4t Berlin&#8220;<\/h6>\n<h3 class=\"main_headline clearfix\"><span style=\"color: #99cc00\">Bildung f\u00fcr nachhaltige Entwicklung<br \/>\n<\/span><\/h3>\n<div class=\"lyte-wrapper\" style=\"width:640px;max-width:100%;margin:5px;\"><div class=\"lyMe\" id=\"WYL_iGgjEuQ1vc0\"><div id=\"lyte_iGgjEuQ1vc0\" data-src=\"https:\/\/blogs.fu-berlin.de\/ideenbar\/wp-content\/plugins\/wp-youtube-lyte\/lyteCache.php?origThumbUrl=%2F%2Fi.ytimg.com%2Fvi%2FiGgjEuQ1vc0%2Fhqdefault.jpg\" class=\"pL\"><div class=\"tC\"><div class=\"tT\"><\/div><\/div><div class=\"play\"><\/div><div class=\"ctrl\"><div class=\"Lctrl\"><\/div><div class=\"Rctrl\"><\/div><\/div><\/div><noscript><a href=\"https:\/\/youtu.be\/iGgjEuQ1vc0\" rel=\"nofollow\"><img loading=\"lazy\" decoding=\"async\" src=\"https:\/\/blogs.fu-berlin.de\/ideenbar\/wp-content\/plugins\/wp-youtube-lyte\/lyteCache.php?origThumbUrl=https%3A%2F%2Fi.ytimg.com%2Fvi%2FiGgjEuQ1vc0%2F0.jpg\" alt=\"YouTube-Video-Thumbnail\" width=\"640\" height=\"340\" \/><br \/>Dieses Video auf YouTube ansehen<\/a><\/noscript><\/div><\/div><div class=\"lL\" style=\"max-width:100%;width:640px;margin:5px;\"><br\/><span class=\"lyte_disclaimer\">ACHTUNG: Daten nach YouTube werden erst beim Abspielen des Videos \u00fcbertragen.<\/span><\/div><\/p>\n<p>Die Veranstaltung &#8222;Bildung f\u00fcr nachhaltige Entwicklung&#8220; zeigt ein videobasiertes Szenario im Bereich &#8222;Lehren und Lernen mit Videos&#8220;. Umgesetzt wurde es als reines Online-Lernsetting, das von der <a href=\"https:\/\/www.va-bne.de\/\" target=\"_blank\">Virtuellen Akademie f\u00fcr Nachhaltigkeit<\/a> (Universit\u00e4t Bremen) bereitgestellt wird. Hr. Prof. de Haan vom Fachbereich Erziehungswissenschaft und Psychologie bietet mit dieser Online-Veranstaltung eine Einf\u00fchrung in die Notwendigkeit von Bildung f\u00fcr nachhaltige Entwicklung. Darauf aufbauend vermittelt die Veranstaltung theoretische Grundlagen des Konzepts sowie seine praktische Relevanz. Wichtige Pr\u00e4missen nachhaltiger Entwicklung, Generationengerechtigkeit und Globalisierung werden diskutiert.<\/p>\n<p>Den Online-Settings der virtuellen Akademie liegen generell das folgende Schema zugrunde: Die Veranstaltungen beginnen immer mit einer Einf\u00fchrung und einem \u00dcberblick \u00fcber die Lernziele sowie Informationen zum Erwerb von Credits. Daran schlie\u00dfen sich die Veranstaltungsinhalte an. Die thematisch unterteilten Kapitel sind jeweils in drei Lerneinheiten gegliedert: zwei im Vortragsstil &#8211; verbunden mit abschlie\u00dfenden \u00dcbungsaufgaben &#8211; und einem Interview.<\/p>\n<p>Entstanden ist das Video &#8222;Bildung durch nachhaltige Entwicklung&#8220; in einem Greenscreen-Studio in Berlin Mitte, die Aufzeichnung erfolgte durch das AV-Team des Centers f\u00fcr Digitale Systeme, die didaktische Konzeption und Umsetzung oblag der virtuellen Akademie der Universit\u00e4t Bremen. <a href=\"https:\/\/va-web.zmml.uni-bremen.de\/vabne_de\/index.php\/video?id=19&amp;x=1\" target=\"_blank\">\u00bb zur Online-Veranstaltung<\/a> (frei zug\u00e4nglich)<\/p>\n","protected":false},"excerpt":{"rendered":"<p>Videobasierte Einsatzszenarien Reihe im Monatsspecial &#8222;Videos an der Freien Universit\u00e4t Berlin&#8220; Bildung f\u00fcr nachhaltige Entwicklung Dieses Video auf YouTube ansehenACHTUNG: Daten nach YouTube werden erst beim Abspielen des Videos \u00fcbertragen. Die Veranstaltung &#8222;Bildung f\u00fcr nachhaltige Entwicklung&#8220; zeigt ein videobasiertes Szenario im Bereich &#8222;Lehren und Lernen mit Videos&#8220;. Umgesetzt wurde es als reines Online-Lernsetting, das von &hellip; <a href=\"https:\/\/blogs.fu-berlin.de\/ideenbar\/2015\/11\/03\/gerald-1\/\" class=\"more-link\"><span class=\"screen-reader-text\">\u201eVideo-Projekte an der Freien Universit\u00e4t Berlin: Tag 1\u201c<\/span> weiterlesen<\/a><\/p>\n","protected":false},"author":57,"featured_media":0,"comment_status":"open","ping_status":"open","sticky":false,"template":"","format":"standard","meta":{"footnotes":""},"categories":[27747,12142],"tags":[46946,233,43500],"class_list":["post-2845","post","type-post","status-publish","format-standard","hentry","category-blog-journal","category-videos","tag-fu-praxis","tag-video","tag-video-lecture"],"_links":{"self":[{"href":"https:\/\/blogs.fu-berlin.de\/ideenbar\/wp-json\/wp\/v2\/posts\/2845","targetHints":{"allow":["GET"]}}],"collection":[{"href":"https:\/\/blogs.fu-berlin.de\/ideenbar\/wp-json\/wp\/v2\/posts"}],"about":[{"href":"https:\/\/blogs.fu-berlin.de\/ideenbar\/wp-json\/wp\/v2\/types\/post"}],"author":[{"embeddable":true,"href":"https:\/\/blogs.fu-berlin.de\/ideenbar\/wp-json\/wp\/v2\/users\/57"}],"replies":[{"embeddable":true,"href":"https:\/\/blogs.fu-berlin.de\/ideenbar\/wp-json\/wp\/v2\/comments?post=2845"}],"version-history":[{"count":7,"href":"https:\/\/blogs.fu-berlin.de\/ideenbar\/wp-json\/wp\/v2\/posts\/2845\/revisions"}],"predecessor-version":[{"id":3286,"href":"https:\/\/blogs.fu-berlin.de\/ideenbar\/wp-json\/wp\/v2\/posts\/2845\/revisions\/3286"}],"wp:attachment":[{"href":"https:\/\/blogs.fu-berlin.de\/ideenbar\/wp-json\/wp\/v2\/media?parent=2845"}],"wp:term":[{"taxonomy":"category","embeddable":true,"href":"https:\/\/blogs.fu-berlin.de\/ideenbar\/wp-json\/wp\/v2\/categories?post=2845"},{"taxonomy":"post_tag","embeddable":true,"href":"https:\/\/blogs.fu-berlin.de\/ideenbar\/wp-json\/wp\/v2\/tags?post=2845"}],"curies":[{"name":"wp","href":"https:\/\/api.w.org\/{rel}","templated":true}]}}