{"id":2848,"date":"2015-11-13T09:00:00","date_gmt":"2015-11-13T08:00:00","guid":{"rendered":"https:\/\/blogs.fu-berlin.de\/ideenbar\/?p=2848"},"modified":"2018-03-24T00:12:08","modified_gmt":"2018-03-23T23:12:08","slug":"av-3","status":"publish","type":"post","link":"https:\/\/blogs.fu-berlin.de\/ideenbar\/2015\/11\/13\/av-3\/","title":{"rendered":"Video-Projekte an der Freien Universit\u00e4t Berlin: Tag 11"},"content":{"rendered":"<h2>Videobasierte Einsatzszenarien<\/h2>\n<h6>Reihe im Monatsspecial &#8222;Videos an der Freien Universit\u00e4t Berlin&#8220;<\/h6>\n<h3 class=\"main_headline clearfix\"><span style=\"color: #99cc00;\">Service AV-Medien<br \/>\n<\/span><\/h3>\n<p>Das\u00a0abschlie\u00dfende\u00a0Einsatzszenario aus der zweiw\u00f6chigen Reihe zu Videos an der Freien Universit\u00e4t Berlin ist eine Animation zum Service AV-Medien des Centers f\u00fcr Digitale Systeme.\u00a0Die Animation soll auf anschauliche Art und Weise verdeutlichen, welche konkreten Vorteile der Einsatz von AV-Medien in der Lehre f\u00fcr Studierende und f\u00fcr Lehrende haben kann. Die Videoanimation wurde im Rahmen des Projektes <a href=\"https:\/\/www.fu-berlin.de\/sites\/qualitaetspakt\/leon\/\" target=\"_blank\" rel=\"noopener\">LEON<\/a>\u00a0als Teilma\u00dfnahme des vom BMBF gef\u00f6rderten Projektes SUPPORT (Qualit\u00e4tspakt f\u00fcr die Lehre)\u00a0produziert. Mit dem Projekt werden Lehrende in vielf\u00e4ltiger Weise bei dem Einsatz und der Nutzung neuer Medien und Lehrformate unterst\u00fctzt. Diese Animation stellt den Service AV-Medien vor und geh\u00f6rt zu einer Reihe von Informationsanimationen, die die unterschiedlichen Angebote f\u00fcr Lehrende an der Freien Universit\u00e4t Berlin darstellen.<\/p>\n<div id=\"fuplayer_1521846506958_container\" class=\"fu-player fu-player-playlist fuplayer-container\" style=\"undefined\"><span><script type=\"text\/javascript\">var n = document.createElement(\"div\"), c = document.getElementById(\"fuplayer_1521846506958_container\"); n.innerHTML = \"<video data-bind=\\\"attr: {id : config().uniqueID, width: config().playerWidth, height: config().playerHeight}\\\" class=\\\"video-js vjs-default-skin vjs-fluid\\\" controls=\\\"\\\" preload=\\\"none\\\" webkit-playsinline=\\\"webkit-playsinline\\\" id=\\\"fuplayer_1521846506958\\\" width=\\\"640px\\\" height=\\\"360px\\\"><span class=\\\"vjs-no-js\\\">To view this video please enable JavaScript, and consider upgrading to a web browser that supports HTML5 video<\/span><\/video>\"; c.insertBefore(n.childNodes[0], c.childNodes[0]);<\/script><script type=\"text\/javascript\" data-bind=\"text: configString\">var fuplayer_1521846506958 = {\"uniqueID\":\"fuplayer_1521846506958\",\"videos\":[],\"liveui\":\"false\",\"playerSize\":\"auto\",\"playerAspectRatio\":\"16:9\",\"autoPlayNext\":undefined,\"playerWidth\":\"640px\",\"playerHeight\":\"360px\"};\n        jQuery(function() {\n          jQuery(\".wp-advanced-player-placeholder\").hide();\n          jQuery(\".wp-advancedPlaylist\").show();  \n          FUEXP.enhance_config_videos(fuplayer_1521846506958, \"1\", \"https:\/\/medien.cedis.fu-berlin.de\/cedis_medien\/projekte\/cedis\/av\/av_medien.mp4\", \"https:\/\/medien.cedis.fu-berlin.de\/cedis_medien\/projekte\/cedis\/av\/va.jpg\", \"\", \"\", \"AV%20Medien\", \"\", \"%C2%A9%202018%20Freie%20Universit%C3%A4t%20Berlin\"); \n          videojs(\"fuplayer_1521846506958\").advancedPlaylist(fuplayer_1521846506958);\n        });\n        videojs(\"fuplayer_1521846506958\");if (videojs(\"fuplayer_1521846506958\").hasPlugin(\"errors\"))videojs(\"fuplayer_1521846506958\").errors();\n        if (\"false\" && videojs(\"fuplayer_1521846506958\").hasPlugin(\"seekButtons\"))videojs(\"fuplayer_1521846506958\").seekButtons({forward:30,back:10});\n        if (videojs(\"fuplayer_1521846506958\").hasPlugin(\"perSourceBehaviors\"))videojs(\"fuplayer_1521846506958\").perSourceBehaviors();\n        <\/script><span id=\"mce_marker\" data-mce-type=\"bookmark\" data-mce-fragment=\"1\"><\/span><\/span><\/div>\n<div id=\"fuplayer_1521846677652_container\" class=\"fu-player fu-player-playlist fuplayer-container\" style=\"undefined\"><span><script type=\"text\/javascript\">var n = document.createElement(\"div\"), c = document.getElementById(\"fuplayer_1521846677652_container\"); n.innerHTML = \"<video data-bind=\\\"attr: {id : config().uniqueID, width: config().playerWidth, height: config().playerHeight}\\\" class=\\\"video-js vjs-default-skin vjs-fluid\\\" controls=\\\"\\\" preload=\\\"none\\\" webkit-playsinline=\\\"webkit-playsinline\\\" id=\\\"fuplayer_1521846677652\\\" width=\\\"640px\\\" height=\\\"360px\\\"><span class=\\\"vjs-no-js\\\">To view this video please enable JavaScript, and consider upgrading to a web browser that supports HTML5 video<\/span><\/video>\"; c.insertBefore(n.childNodes[0], c.childNodes[0]);<\/script><script type=\"text\/javascript\" data-bind=\"text: configString\">var fuplayer_1521846677652 = {\"uniqueID\":\"fuplayer_1521846677652\",\"videos\":[],\"liveui\":\"false\",\"playerSize\":\"auto\",\"playerAspectRatio\":\"16:9\",\"autoPlayNext\":undefined,\"playerWidth\":\"640px\",\"playerHeight\":\"360px\"};\n        jQuery(function() {\n          jQuery(\".wp-advanced-player-placeholder\").hide();\n          jQuery(\".wp-advancedPlaylist\").show();  \n          FUEXP.enhance_config_videos(fuplayer_1521846677652, \"1\", \"https:\/\/medien.cedis.fu-berlin.de\/cedis_medien\/projekte\/cedis\/av\/va_de_haan.mp4\", \"https:\/\/medien.cedis.fu-berlin.de\/cedis_medien\/projekte\/cedis\/av\/va.jpg\", \"\", \"\", \"De%20Haan%20Vorlesung\", \"\", \"%C2%A9%202018%20Freie%20Universit%C3%A4t%20Berlin\"); \n          videojs(\"fuplayer_1521846677652\").advancedPlaylist(fuplayer_1521846677652);\n        });\n        videojs(\"fuplayer_1521846677652\");if (videojs(\"fuplayer_1521846677652\").hasPlugin(\"errors\"))videojs(\"fuplayer_1521846677652\").errors();\n        if (\"false\" && videojs(\"fuplayer_1521846677652\").hasPlugin(\"seekButtons\"))videojs(\"fuplayer_1521846677652\").seekButtons({forward:30,back:10});\n        if (videojs(\"fuplayer_1521846677652\").hasPlugin(\"perSourceBehaviors\"))videojs(\"fuplayer_1521846677652\").perSourceBehaviors();\n        <\/script><span id=\"mce_marker\" data-mce-type=\"bookmark\" data-mce-fragment=\"1\"><\/span><\/span><\/div>\n<p>\u00bb Hier geht&#8217;s zu einer weiteren Animation zum Thema &#8222;<a href=\"https:\/\/www.cedis.fu-berlin.de\/e-learning\/index.html\" target=\"_blank\" rel=\"noopener\">Was ist Blended Learning?<\/a>&#8222;<\/p>\n","protected":false},"excerpt":{"rendered":"<p>Videobasierte Einsatzszenarien Reihe im Monatsspecial &#8222;Videos an der Freien Universit\u00e4t Berlin&#8220; Service AV-Medien Das\u00a0abschlie\u00dfende\u00a0Einsatzszenario aus der zweiw\u00f6chigen Reihe zu Videos an der Freien Universit\u00e4t Berlin ist eine Animation zum Service AV-Medien des Centers f\u00fcr Digitale Systeme.\u00a0Die Animation soll auf anschauliche Art und Weise verdeutlichen, welche konkreten Vorteile der Einsatz von AV-Medien in der Lehre f\u00fcr &hellip; <a href=\"https:\/\/blogs.fu-berlin.de\/ideenbar\/2015\/11\/13\/av-3\/\" class=\"more-link\"><span class=\"screen-reader-text\">\u201eVideo-Projekte an der Freien Universit\u00e4t Berlin: Tag 11\u201c<\/span> weiterlesen<\/a><\/p>\n","protected":false},"author":57,"featured_media":0,"comment_status":"open","ping_status":"open","sticky":false,"template":"","format":"standard","meta":{"footnotes":""},"categories":[9,27747,12142],"tags":[233],"class_list":["post-2848","post","type-post","status-publish","format-standard","hentry","category-allgemein","category-blog-journal","category-videos","tag-video"],"_links":{"self":[{"href":"https:\/\/blogs.fu-berlin.de\/ideenbar\/wp-json\/wp\/v2\/posts\/2848","targetHints":{"allow":["GET"]}}],"collection":[{"href":"https:\/\/blogs.fu-berlin.de\/ideenbar\/wp-json\/wp\/v2\/posts"}],"about":[{"href":"https:\/\/blogs.fu-berlin.de\/ideenbar\/wp-json\/wp\/v2\/types\/post"}],"author":[{"embeddable":true,"href":"https:\/\/blogs.fu-berlin.de\/ideenbar\/wp-json\/wp\/v2\/users\/57"}],"replies":[{"embeddable":true,"href":"https:\/\/blogs.fu-berlin.de\/ideenbar\/wp-json\/wp\/v2\/comments?post=2848"}],"version-history":[{"count":17,"href":"https:\/\/blogs.fu-berlin.de\/ideenbar\/wp-json\/wp\/v2\/posts\/2848\/revisions"}],"predecessor-version":[{"id":6021,"href":"https:\/\/blogs.fu-berlin.de\/ideenbar\/wp-json\/wp\/v2\/posts\/2848\/revisions\/6021"}],"wp:attachment":[{"href":"https:\/\/blogs.fu-berlin.de\/ideenbar\/wp-json\/wp\/v2\/media?parent=2848"}],"wp:term":[{"taxonomy":"category","embeddable":true,"href":"https:\/\/blogs.fu-berlin.de\/ideenbar\/wp-json\/wp\/v2\/categories?post=2848"},{"taxonomy":"post_tag","embeddable":true,"href":"https:\/\/blogs.fu-berlin.de\/ideenbar\/wp-json\/wp\/v2\/tags?post=2848"}],"curies":[{"name":"wp","href":"https:\/\/api.w.org\/{rel}","templated":true}]}}