{"id":2920,"date":"2015-11-05T09:00:41","date_gmt":"2015-11-05T08:00:41","guid":{"rendered":"https:\/\/blogs.fu-berlin.de\/ideenbar\/?p=2920"},"modified":"2018-03-24T00:18:53","modified_gmt":"2018-03-23T23:18:53","slug":"video-projekte-an-der-freien-universitaet-berlin-tag-3","status":"publish","type":"post","link":"https:\/\/blogs.fu-berlin.de\/ideenbar\/2015\/11\/05\/video-projekte-an-der-freien-universitaet-berlin-tag-3\/","title":{"rendered":"Video-Projekte an der Freien Universit\u00e4t Berlin: Tag 3"},"content":{"rendered":"<h2>Videobasierte Einsatzszenarien<\/h2>\n<h6>Reihe im Monatsspecial &#8222;Videos an der Freien Universit\u00e4t Berlin&#8220;<\/h6>\n<h3 class=\"main_headline clearfix\"><span style=\"color: #99cc00;\">Archocopter in der Arch\u00e4ologie<br \/>\n<\/span><\/h3>\n<div id=\"fuplayer_1521847096030_container\" class=\"fu-player fu-player-playlist fuplayer-container\" style=\"undefined\"><span><script type=\"text\/javascript\">var n = document.createElement(\"div\"), c = document.getElementById(\"fuplayer_1521847096030_container\"); n.innerHTML = \"<video data-bind=\\\"attr: {id : config().uniqueID, width: config().playerWidth, height: config().playerHeight}\\\" class=\\\"video-js vjs-default-skin vjs-fluid\\\" controls=\\\"\\\" preload=\\\"none\\\" webkit-playsinline=\\\"webkit-playsinline\\\" id=\\\"fuplayer_1521847096030\\\" width=\\\"640px\\\" height=\\\"360px\\\"><span class=\\\"vjs-no-js\\\">To view this video please enable JavaScript, and consider upgrading to a web browser that supports HTML5 video<\/span><\/video>\"; c.insertBefore(n.childNodes[0], c.childNodes[0]);<\/script><script type=\"text\/javascript\" data-bind=\"text: configString\">var fuplayer_1521847096030 = {\"uniqueID\":\"fuplayer_1521847096030\",\"videos\":[],\"liveui\":\"false\",\"playerSize\":\"auto\",\"playerAspectRatio\":\"16:9\",\"autoPlayNext\":undefined,\"playerWidth\":\"640px\",\"playerHeight\":\"360px\"};\n        jQuery(function() {\n          jQuery(\".wp-advanced-player-placeholder\").hide();\n          jQuery(\".wp-advancedPlaylist\").show();  \n          FUEXP.enhance_config_videos(fuplayer_1521847096030, \"1\", \"https:\/\/medien.cedis.fu-berlin.de\/topoi\/uav\/12_uav_trailer.mp4\", \"https:\/\/medien.cedis.fu-berlin.de\/topoi\/uav\/12_uav_trailer.png\", \"\", \"\", \"Uav\", \"\", \"%C2%A9%202018%20Freie%20Universit%C3%A4t%20Berlin\"); \n          videojs(\"fuplayer_1521847096030\").advancedPlaylist(fuplayer_1521847096030);\n        });\n        videojs(\"fuplayer_1521847096030\");if (videojs(\"fuplayer_1521847096030\").hasPlugin(\"errors\"))videojs(\"fuplayer_1521847096030\").errors();\n        if (\"false\" && videojs(\"fuplayer_1521847096030\").hasPlugin(\"seekButtons\"))videojs(\"fuplayer_1521847096030\").seekButtons({forward:30,back:10});\n        if (videojs(\"fuplayer_1521847096030\").hasPlugin(\"perSourceBehaviors\"))videojs(\"fuplayer_1521847096030\").perSourceBehaviors();\n        <\/script><span id=\"mce_marker\" data-mce-type=\"bookmark\" data-mce-fragment=\"1\"><\/span><\/span><\/div>\n<p>Der Trailer zeigt eine Zusammenfassung des zweiten Tages der UAV-Konferenz (Unmanned Arial Vehicle) &#8211; ausgerichtet vom Exzellenzcluster Topoi an der Freien Universit\u00e4t Berlin. Ziel der Konferenz war die Zusammenf\u00fchrung von Multikopter-Piloten innerhalb der Arch\u00e4ologie und Bauforschung. Der erste Konferenztag besch\u00e4ftigte sich mit Anwendungsbespielen; der zweite pr\u00e4sentierte in einer \u00f6ffentlichen Veranstaltung verschiedene Flugger\u00e4te \u2013 einschlie\u00dflich eines Flugdrachen \u2013 im Thielpark Dahlem.<\/p>\n<p>Die Videos der Konferenz wurden als Lehrvideos aufbereitet und mit zus\u00e4tzlichen Materialien\u00a0 angereichert. Hierf\u00fcr wurde der neue AV-Edititor in Blackboard verwendet (mehr dazu im 3. Teil des Monatsspecials). Dieses Beispiel skizziert ein Szenario zur Verkn\u00fcpfung von Wissenschaft (Konferenz) und Lehre nach einem forschungsorientierten Ansatz <a href=\"https:\/\/community.topoi.org\/web\/uav-2014\" target=\"_blank\" rel=\"noopener\">\u00bb zur Konferenzseite<\/a><\/p>\n","protected":false},"excerpt":{"rendered":"<p>Videobasierte Einsatzszenarien Reihe im Monatsspecial &#8222;Videos an der Freien Universit\u00e4t Berlin&#8220; Archocopter in der Arch\u00e4ologie Der Trailer zeigt eine Zusammenfassung des zweiten Tages der UAV-Konferenz (Unmanned Arial Vehicle) &#8211; ausgerichtet vom Exzellenzcluster Topoi an der Freien Universit\u00e4t Berlin. Ziel der Konferenz war die Zusammenf\u00fchrung von Multikopter-Piloten innerhalb der Arch\u00e4ologie und Bauforschung. Der erste Konferenztag besch\u00e4ftigte &hellip; <a href=\"https:\/\/blogs.fu-berlin.de\/ideenbar\/2015\/11\/05\/video-projekte-an-der-freien-universitaet-berlin-tag-3\/\" class=\"more-link\"><span class=\"screen-reader-text\">\u201eVideo-Projekte an der Freien Universit\u00e4t Berlin: Tag 3\u201c<\/span> weiterlesen<\/a><\/p>\n","protected":false},"author":106,"featured_media":0,"comment_status":"open","ping_status":"open","sticky":false,"template":"","format":"standard","meta":{"footnotes":""},"categories":[9,27747,12142],"tags":[46946,233],"class_list":["post-2920","post","type-post","status-publish","format-standard","hentry","category-allgemein","category-blog-journal","category-videos","tag-fu-praxis","tag-video"],"_links":{"self":[{"href":"https:\/\/blogs.fu-berlin.de\/ideenbar\/wp-json\/wp\/v2\/posts\/2920","targetHints":{"allow":["GET"]}}],"collection":[{"href":"https:\/\/blogs.fu-berlin.de\/ideenbar\/wp-json\/wp\/v2\/posts"}],"about":[{"href":"https:\/\/blogs.fu-berlin.de\/ideenbar\/wp-json\/wp\/v2\/types\/post"}],"author":[{"embeddable":true,"href":"https:\/\/blogs.fu-berlin.de\/ideenbar\/wp-json\/wp\/v2\/users\/106"}],"replies":[{"embeddable":true,"href":"https:\/\/blogs.fu-berlin.de\/ideenbar\/wp-json\/wp\/v2\/comments?post=2920"}],"version-history":[{"count":8,"href":"https:\/\/blogs.fu-berlin.de\/ideenbar\/wp-json\/wp\/v2\/posts\/2920\/revisions"}],"predecessor-version":[{"id":6029,"href":"https:\/\/blogs.fu-berlin.de\/ideenbar\/wp-json\/wp\/v2\/posts\/2920\/revisions\/6029"}],"wp:attachment":[{"href":"https:\/\/blogs.fu-berlin.de\/ideenbar\/wp-json\/wp\/v2\/media?parent=2920"}],"wp:term":[{"taxonomy":"category","embeddable":true,"href":"https:\/\/blogs.fu-berlin.de\/ideenbar\/wp-json\/wp\/v2\/categories?post=2920"},{"taxonomy":"post_tag","embeddable":true,"href":"https:\/\/blogs.fu-berlin.de\/ideenbar\/wp-json\/wp\/v2\/tags?post=2920"}],"curies":[{"name":"wp","href":"https:\/\/api.w.org\/{rel}","templated":true}]}}