{"id":3083,"date":"2015-11-23T12:40:40","date_gmt":"2015-11-23T11:40:40","guid":{"rendered":"https:\/\/blogs.fu-berlin.de\/ideenbar\/?p=3083"},"modified":"2016-09-14T10:36:03","modified_gmt":"2016-09-14T08:36:03","slug":"lehren-und-forschen-mit-videos-starterhilfe-i","status":"publish","type":"post","link":"https:\/\/blogs.fu-berlin.de\/ideenbar\/2015\/11\/23\/lehren-und-forschen-mit-videos-starterhilfe-i\/","title":{"rendered":"Lehren und Forschen mit Videos: Starterhilfe (I)"},"content":{"rendered":"<h6>Reihe im Monatsspecial \u201cVideos an der Freien Universit\u00e4t Berlin\u201d<\/h6>\n<p><a href=\"https:\/\/blogs.fu-berlin.de\/ideenbar\/files\/2015\/11\/Videoerstellung1.jpg\"><img loading=\"lazy\" decoding=\"async\" class=\"  wp-image-3099 alignright\" src=\"https:\/\/blogs.fu-berlin.de\/ideenbar\/files\/2015\/11\/Videoerstellung1.jpg\" alt=\"Quelle: pixabay\/767983\" width=\"230\" height=\"117\" srcset=\"https:\/\/blogs.fu-berlin.de\/ideenbar\/files\/2015\/11\/Videoerstellung1.jpg 640w, https:\/\/blogs.fu-berlin.de\/ideenbar\/files\/2015\/11\/Videoerstellung1-300x152.jpg 300w\" sizes=\"auto, (max-width: 230px) 85vw, 230px\" \/><\/a>Im abschlie\u00dfenden Teil unseres Monatsspecials zu Videos in Lehre und Wissenschaft an der Freien Universit\u00e4t Berlin erhalten Sie Informationen zur Erstellung und Nutzung von Videos in der eigenen Lehre\/Forschung und den Unterst\u00fctzungsangeboten der FU. Teil 1 widmet sich der Entwicklung einer eigenen Online-Vorlesung; im 2. Teil bekommen Sie Tipps zur generellen Audio\/Video-Erstellung mithilfe des AV-Teams der Freien Universit\u00e4t Berlin.<\/p>\n<h3><span style=\"color: #99cc00\">Starterhilfe (Teil 1): Entwicklung einer Online-Vorlesung<\/span><\/h3>\n<p>Zur Verbesserung der Lernbedingungen in sog. Massenveranstaltungen wurde an der Freien Universit\u00e4t Berlin ein neues Lehrformat entwickelt und in der Vorlesung \u201eEinf\u00fchrung in die Erziehungswissenschaft\u201c (EEO) erfolgreich umgesetzt (vgl. <a href=\"https:\/\/blogs.fu-berlin.de\/ideenbar\/2015\/11\/17\/lehren-und-lernen-mit-videos-ein-praxisbeispiel\/\">Praxisbeispiel zur Online-Vorlesung<\/a>). Damit wurde die Grundlage f\u00fcr weitere videobasierte Vorlesungen geschaffen (z.B. technische Infra\u00adstruktur, medien\u00addidaktisches Setting, Autorentool, Strukturelemente der Online-Umgebung). Die Umstellung wird von der Freien Universit\u00e4t Berlin unterst\u00fctzt und auch finanziell gef\u00f6rdert. Ein laufendes Projekt ist bspw. die Umwandlung der Pflichtvorlesung \u201eEinf\u00fchrung in die Theaterwissenschaft\u201c am FB Philosophie und Geisteswissenschaften mit rund 140 Studierenden unter Leitung von Fr. Prof. Kolesch. Die Umstellung erfolgt in Anlehnung an das mediendidaktische EEO-Konzept (siehe Praxisbeispiel).<\/p>\n<p>Bew\u00e4hrt hat sich dabei folgender Ablauf: Nach einer groben Festlegung des Online-Settings erfolgt im ersten Semester die Aufzeichnung der Pr\u00e4senzvorlesung. Im n\u00e4chsten Semester schlie\u00dft sich die Entwicklung der Online-Vorlesung an (z.B. Aufteilung der Vorlesungen in thematische Selbstlerneinheiten, Entwicklung von Leitfragen\/Problem\u00ad\u00adstellungen zur zielgerichteten Bearbeitung der Lernvideos, Erstellung von Selbsttests, Bereitstellung der Materialien in der Online-Lernumgebung). Im darauffolgenden Semester folgt die erstmalige Durchf\u00fchrung und Evaluierung \u2013 darauf aufbauend werden einzelne Aspekte optimiert, so dass dann die Online-Vorlesung im Lehralltag verstetigt werden kann.<\/p>\n<p><a href=\"https:\/\/blogs.fu-berlin.de\/ideenbar\/files\/2015\/11\/Ablauf_Entwicklung-Online-VL.jpg\"><img loading=\"lazy\" decoding=\"async\" class=\"alignleft wp-image-3084\" src=\"https:\/\/blogs.fu-berlin.de\/ideenbar\/files\/2015\/11\/Ablauf_Entwicklung-Online-VL.jpg\" alt=\"Ablauf zur Entwicklung einer Online-Vorlesung\" width=\"544\" height=\"166\" srcset=\"https:\/\/blogs.fu-berlin.de\/ideenbar\/files\/2015\/11\/Ablauf_Entwicklung-Online-VL.jpg 684w, https:\/\/blogs.fu-berlin.de\/ideenbar\/files\/2015\/11\/Ablauf_Entwicklung-Online-VL-300x92.jpg 300w\" sizes=\"auto, (max-width: 544px) 85vw, 544px\" \/><\/a><\/p>\n<p>&nbsp;<\/p>\n<p>Dieser Ablauf erm\u00f6glicht ein zeitlich flexibles Vorgehen zur Umstellung. Eine Option zur sp\u00e4teren Aktualisierung einzelner Lehrinhalte besteht bspw. in der Aufnahme von Interviews und deren Einbettung in Blackboard (siehe <a href=\"https:\/\/blogs.fu-berlin.de\/itunesu\/2015\/03\/10\/video-des-monats-november-2014\/\" target=\"_blank\">Interview-Aufnahme Hr. Prof. de Haan<\/a>).<\/p>\n<p>Das Lehrformat kann individuell angepasst und auf Ihre Bed\u00fcrfnisse zugeschnitten werden. Hierbei unterst\u00fctzt CeDiS die FU-Angeh\u00f6rigen gerne. Unser Angebot umfasst:<\/p>\n<ul>\n<li>Hilfe bei der individuellen Planung Ihrer videobasierten Vorlesung<\/li>\n<li>Beratung zur finanziellen F\u00f6rderung durch das E-Learning-F\u00f6rderprogramm der Freien Universit\u00e4t<\/li>\n<li>Aufzeichnung, Produktion und Anreicherung der Videos<\/li>\n<li>Support bei der Umsetzung des neuen Lehrformats<\/li>\n<\/ul>\n<p><strong>Kontakt<\/strong><\/p>\n<p>Wir freuen uns auf den Kontakt.<\/p>\n<p>E-Mail: <a href=\"mailto:%20web20@cedis.fu-berlin.de\">web20@cedis.fu-berlin.de<\/a>, telefonisch: <a href=\"https:\/\/www.cedis.fu-berlin.de\/cedis\/mitarbeiter\/beschaeftigte\/umussmann.html\">Ulrike Mu\u00dfmann<\/a><\/p>\n","protected":false},"excerpt":{"rendered":"<p>Reihe im Monatsspecial \u201cVideos an der Freien Universit\u00e4t Berlin\u201d Im abschlie\u00dfenden Teil unseres Monatsspecials zu Videos in Lehre und Wissenschaft an der Freien Universit\u00e4t Berlin erhalten Sie Informationen zur Erstellung und Nutzung von Videos in der eigenen Lehre\/Forschung und den Unterst\u00fctzungsangeboten der FU. Teil 1 widmet sich der Entwicklung einer eigenen Online-Vorlesung; im 2. Teil &hellip; <a href=\"https:\/\/blogs.fu-berlin.de\/ideenbar\/2015\/11\/23\/lehren-und-forschen-mit-videos-starterhilfe-i\/\" class=\"more-link\"><span class=\"screen-reader-text\">\u201eLehren und Forschen mit Videos: Starterhilfe (I)\u201c<\/span> weiterlesen<\/a><\/p>\n","protected":false},"author":426,"featured_media":0,"comment_status":"open","ping_status":"open","sticky":false,"template":"","format":"standard","meta":{"footnotes":""},"categories":[27747,12142],"tags":[43498,46946,26476,233],"class_list":["post-3083","post","type-post","status-publish","format-standard","hentry","category-blog-journal","category-videos","tag-aufzeichnung","tag-fu-praxis","tag-starterhilfe","tag-video"],"_links":{"self":[{"href":"https:\/\/blogs.fu-berlin.de\/ideenbar\/wp-json\/wp\/v2\/posts\/3083","targetHints":{"allow":["GET"]}}],"collection":[{"href":"https:\/\/blogs.fu-berlin.de\/ideenbar\/wp-json\/wp\/v2\/posts"}],"about":[{"href":"https:\/\/blogs.fu-berlin.de\/ideenbar\/wp-json\/wp\/v2\/types\/post"}],"author":[{"embeddable":true,"href":"https:\/\/blogs.fu-berlin.de\/ideenbar\/wp-json\/wp\/v2\/users\/426"}],"replies":[{"embeddable":true,"href":"https:\/\/blogs.fu-berlin.de\/ideenbar\/wp-json\/wp\/v2\/comments?post=3083"}],"version-history":[{"count":16,"href":"https:\/\/blogs.fu-berlin.de\/ideenbar\/wp-json\/wp\/v2\/posts\/3083\/revisions"}],"predecessor-version":[{"id":3101,"href":"https:\/\/blogs.fu-berlin.de\/ideenbar\/wp-json\/wp\/v2\/posts\/3083\/revisions\/3101"}],"wp:attachment":[{"href":"https:\/\/blogs.fu-berlin.de\/ideenbar\/wp-json\/wp\/v2\/media?parent=3083"}],"wp:term":[{"taxonomy":"category","embeddable":true,"href":"https:\/\/blogs.fu-berlin.de\/ideenbar\/wp-json\/wp\/v2\/categories?post=3083"},{"taxonomy":"post_tag","embeddable":true,"href":"https:\/\/blogs.fu-berlin.de\/ideenbar\/wp-json\/wp\/v2\/tags?post=3083"}],"curies":[{"name":"wp","href":"https:\/\/api.w.org\/{rel}","templated":true}]}}