{"id":3102,"date":"2015-11-25T13:00:19","date_gmt":"2015-11-25T12:00:19","guid":{"rendered":"https:\/\/blogs.fu-berlin.de\/ideenbar\/?p=3102"},"modified":"2017-08-15T10:30:09","modified_gmt":"2017-08-15T08:30:09","slug":"lehren-und-forschen-mit-videos-starterhilfe-ii","status":"publish","type":"post","link":"https:\/\/blogs.fu-berlin.de\/ideenbar\/2015\/11\/25\/lehren-und-forschen-mit-videos-starterhilfe-ii\/","title":{"rendered":"Lehren und Forschen mit Videos: Starterhilfe (II)"},"content":{"rendered":"<h6>Reihe im Monatsspecial \u201cVideos an der Freien Universit\u00e4t Berlin\u201d<\/h6>\n<h3><span style=\"color: #99cc00\">Starterhilfe (Teil 2): Eigene Videos erstellen<br \/>\n<\/span><\/h3>\n<p>Ebenso vielf\u00e4ltig wie die Einsatzformen von Videos in Lehre und Forschung sind, stellen sich die M\u00f6glichkeiten zur Erstellung und Produktion von Videos dar. Die Freie Universit\u00e4t Berlin setzt verst\u00e4rkt auf den Videoeinsatz im universit\u00e4ren Kontext und unterst\u00fctzt die Angeh\u00f6rigen mit verschiedenen Angeboten und einem AV-Medienteam:<\/p>\n<h3><span style=\"color: #99cc00\">AV-Medienteam<\/span><\/h3>\n<p>Dieses ist am Center f\u00fcr Digitale Systeme (CeDiS) angesiedelt und bietet umfangreiche Serviceleistungen zur Produktion audiovisueller Medien an. Hier werden Sie beraten bei der Planung und Umsetzung eigener audiovisueller Produktionen:<\/p>\n<div style=\"width: 800px;\" class=\"wp-video\"><!--[if lt IE 9]><script>document.createElement('video');<\/script><![endif]--><br \/>\n<video class=\"wp-video-shortcode\" id=\"video-3102-1\" width=\"800\" height=\"600\" preload=\"metadata\" controls=\"controls\"><source type=\"video\/mp4\" src=\"https:\/\/blogs.fu-berlin.de\/ideenbar\/files\/2016\/05\/ZWAR-SCREENCAST_01_AnmeldenSuchen_800x600.mp4?_=1\" \/><a href=\"https:\/\/blogs.fu-berlin.de\/ideenbar\/files\/2016\/05\/ZWAR-SCREENCAST_01_AnmeldenSuchen_800x600.mp4\">https:\/\/blogs.fu-berlin.de\/ideenbar\/files\/2016\/05\/ZWAR-SCREENCAST_01_AnmeldenSuchen_800x600.mp4<\/a><\/video><\/div>\n<p>[jwplayer player=&#8220;1&#8243; mediaid=&#8220;3119&#8243;]<\/p>\n<p>Das Angebot umfasst die Unterst\u00fctzung bei der <a href=\"https:\/\/www.cedis.fu-berlin.de\/av-medien\/av-medien_seiten\/av_services\/medienproduktion\/index.html\" target=\"_blank\" rel=\"noopener\">Medienproduktion <\/a>(z.B. Dokumentationen, Imagefilme, Vorlesungsaufzeichnungen, Lehrfilme, Screencasts, Sprachaufzeichnungen, Konferenzaufnahmen) sowie der <a href=\"https:\/\/www.cedis.fu-berlin.de\/av-medien\/av1_services\/digitalisierung\/index.html\" target=\"_blank\" rel=\"noopener\">Digitalisierung und Transkodierung<\/a>. Der <a href=\"https:\/\/www.cedis.fu-berlin.de\/av-medien\/av-medien_seiten\/av_services\/medienproduktion\/leistungskatalog\/index.html\" target=\"_blank\" rel=\"noopener\">Leistungskatalog<\/a> bietet einen \u00dcberblick \u00fcber die Supportma\u00dfnahmen.<\/p>\n<p><strong>Kontakt AV-Medienteam:<\/strong><\/p>\n<p><a href=\"mailto:audio-video@cedis.fu-berlin.de\" target=\"_blank\" rel=\"noopener\">audio-video@cedis.fu-berlin.de<\/a>, Leitung: <a href=\"https:\/\/www.cedis.fu-berlin.de\/cedis\/mitarbeiter\/beschaeftigte\/ghaese.html\" target=\"_blank\" rel=\"noopener\">Gerald Haese<\/a><\/p>\n<h3><span style=\"color: #99cc00\">Fortbildungen<\/span><\/h3>\n<p>Neben der pers\u00f6nlichen Beratung und Produktion gibt es an der FU ein umfassendes Qualifizierungsangebot. Dazu z\u00e4hlen praktisch orientierte Veranstaltungen zur Nutzung mobiler Ger\u00e4te f\u00fcr die Audio-\/Videoproduktion, zur Erstellung von Screencasts oder zur Umsetzung von Online-Vorlesungen sowie didaktisch orientierte Workshops zum Inverted Classroom Model und zur Ver\u00e4nderung der Lernkultur mit Videos. Hier geht&#8217;s zum <a href=\"https:\/\/www.cedis.fu-berlin.de\/e-learning\/fortbildung\/workshops\/index.html\" target=\"_blank\" rel=\"noopener\">aktuellen Fortbildungsangebot<\/a>.<\/p>\n<p><!--more--><\/p>\n<h3><span style=\"color: #99cc00\">Online-Angebote<\/span><\/h3>\n<p>Auch im Web erhalten Sie Informationen und Hilfestellungen rund um die Erstellung von Videos. \u00dcber die Dienste zur Produktion audiovisueller Medien und deren Bereitstellung bzw. Nutzung in Forschung und Lehre informiert die <a href=\"https:\/\/www.cedis.fu-berlin.de\/av-medien\/av3_dienste\/index.html\" target=\"_blank\" rel=\"noopener\">CeDiS-Homepage<\/a>. Hinzu kommt bald ein Wiki zu Audio-\/Videothemen. Hier erhalten Sie demn\u00e4chst praktische Tipps zum Filmen mit mobilen Ger\u00e4ten, zur Einbindung von Videos in Confluence, zu Webkonferenzen mit Adobe Connect, zu Screencapture-Software u.v.m.<\/p>\n<h3><span style=\"color: #99cc00\">Videobereitstellung<br \/>\n<\/span><\/h3>\n<p>Auch bei der Bereitstellung der Videos sind Sie nicht auf sich allein gestellt: Die Freie Universit\u00e4t bietet einen <a href=\"https:\/\/www.cedis.fu-berlin.de\/av-medien\/av3_dienste\/streamingserver\/index.html\" target=\"_blank\" rel=\"noopener\">Streaming Server<\/a>, ein <a href=\"https:\/\/av-portal.fu-berlin.de\/itunesu\" target=\"_blank\" rel=\"noopener\">AV-Portal<\/a> zur Darstellung von audiovisuellen Inhalten sowie die M\u00f6glichkeit, videobasierte Lehr- und Lerninhalte auf dem institutionellen Auftritt \u201e<a href=\"https:\/\/www.cedis.fu-berlin.de\/e-learning\/itunesu\/index.html\" target=\"_blank\" rel=\"noopener\">Freie Universit\u00e4t Berlin on iTunes U<\/a>\u201c zu ver\u00f6ffentlichen.<\/p>\n<h5>Mit diesen Informationen und der praktischen Starterhilfe zur Erstellung eigenen Videos endet das November-Themenspecial. Dieses erschien in Kooperation zwischen der E-Learning 2.0 AG, dem AV-Bereich sowie der Stelle f\u00fcr Evaluation. Wir freuen uns auf Ihre Kontaktaufnahme!<\/h5>\n","protected":false},"excerpt":{"rendered":"<p>Reihe im Monatsspecial \u201cVideos an der Freien Universit\u00e4t Berlin\u201d Starterhilfe (Teil 2): Eigene Videos erstellen Ebenso vielf\u00e4ltig wie die Einsatzformen von Videos in Lehre und Forschung sind, stellen sich die M\u00f6glichkeiten zur Erstellung und Produktion von Videos dar. Die Freie Universit\u00e4t Berlin setzt verst\u00e4rkt auf den Videoeinsatz im universit\u00e4ren Kontext und unterst\u00fctzt die Angeh\u00f6rigen mit &hellip; <a href=\"https:\/\/blogs.fu-berlin.de\/ideenbar\/2015\/11\/25\/lehren-und-forschen-mit-videos-starterhilfe-ii\/\" class=\"more-link\"><span class=\"screen-reader-text\">\u201eLehren und Forschen mit Videos: Starterhilfe (II)\u201c<\/span> weiterlesen<\/a><\/p>\n","protected":false},"author":426,"featured_media":0,"comment_status":"open","ping_status":"open","sticky":false,"template":"","format":"standard","meta":{"footnotes":""},"categories":[27747,12142],"tags":[26476,233],"class_list":["post-3102","post","type-post","status-publish","format-standard","hentry","category-blog-journal","category-videos","tag-starterhilfe","tag-video"],"_links":{"self":[{"href":"https:\/\/blogs.fu-berlin.de\/ideenbar\/wp-json\/wp\/v2\/posts\/3102","targetHints":{"allow":["GET"]}}],"collection":[{"href":"https:\/\/blogs.fu-berlin.de\/ideenbar\/wp-json\/wp\/v2\/posts"}],"about":[{"href":"https:\/\/blogs.fu-berlin.de\/ideenbar\/wp-json\/wp\/v2\/types\/post"}],"author":[{"embeddable":true,"href":"https:\/\/blogs.fu-berlin.de\/ideenbar\/wp-json\/wp\/v2\/users\/426"}],"replies":[{"embeddable":true,"href":"https:\/\/blogs.fu-berlin.de\/ideenbar\/wp-json\/wp\/v2\/comments?post=3102"}],"version-history":[{"count":16,"href":"https:\/\/blogs.fu-berlin.de\/ideenbar\/wp-json\/wp\/v2\/posts\/3102\/revisions"}],"predecessor-version":[{"id":5952,"href":"https:\/\/blogs.fu-berlin.de\/ideenbar\/wp-json\/wp\/v2\/posts\/3102\/revisions\/5952"}],"wp:attachment":[{"href":"https:\/\/blogs.fu-berlin.de\/ideenbar\/wp-json\/wp\/v2\/media?parent=3102"}],"wp:term":[{"taxonomy":"category","embeddable":true,"href":"https:\/\/blogs.fu-berlin.de\/ideenbar\/wp-json\/wp\/v2\/categories?post=3102"},{"taxonomy":"post_tag","embeddable":true,"href":"https:\/\/blogs.fu-berlin.de\/ideenbar\/wp-json\/wp\/v2\/tags?post=3102"}],"curies":[{"name":"wp","href":"https:\/\/api.w.org\/{rel}","templated":true}]}}