{"id":3451,"date":"2016-01-13T10:51:04","date_gmt":"2016-01-13T09:51:04","guid":{"rendered":"https:\/\/blogs.fu-berlin.de\/ideenbar\/?p=3451"},"modified":"2016-01-13T10:52:40","modified_gmt":"2016-01-13T09:52:40","slug":"urheberrecht-fuer-e-learning-materialien-uebergangsjahr-2016","status":"publish","type":"post","link":"https:\/\/blogs.fu-berlin.de\/ideenbar\/2016\/01\/13\/urheberrecht-fuer-e-learning-materialien-uebergangsjahr-2016\/","title":{"rendered":"Urheberrecht f\u00fcr E-Learning Materialien: \u00dcbergangsjahr 2016"},"content":{"rendered":"<h3><span style=\"color: #99cc00\">Kurzmitteilung<\/span><\/h3>\n<p>In einer gemeinsamen Pressemeldung gaben die KMK und die VG Wort bekannt, dass die Pflicht zur Einzelerfassung von im E-Learning verwendeten Materialien nun doch nicht am 01.01. 2016 beginnt, sondern um ein Jahr aufgeschoben wird:<\/p>\n<p class=\"bodytext\">In der Mitteilung wurde \u00fcber den Stand der Vertragsverhandlungen zu \u00a752a UrhG informiert. Die sog. Einzelfallverg\u00fctung wird demnach \u2013 falls ein vereinfachtes Verfahren gefunden wird \u2013 fr\u00fchestens ab 2017 eingef\u00fchrt. F\u00fcr Lehrende bedeutet dies konkret, dass die aktuelle rechtliche Situation ein weiteres Jahr bestehen bleibt.<\/p>\n<p class=\"bodytext\"><a href=\"https:\/\/www.kmk.org\/presse-und-aktuelles\/meldung\/verstaendigung-zu-intranetnutzungen-an-hochschulen.html\" target=\"_blank\">&gt;&gt; zur Pressemitteilung der KMK und VG Wort<\/a><\/p>\n","protected":false},"excerpt":{"rendered":"<p>Kurzmitteilung In einer gemeinsamen Pressemeldung gaben die KMK und die VG Wort bekannt, dass die Pflicht zur Einzelerfassung von im E-Learning verwendeten Materialien nun doch nicht am 01.01. 2016 beginnt, sondern um ein Jahr aufgeschoben wird: In der Mitteilung wurde \u00fcber den Stand der Vertragsverhandlungen zu \u00a752a UrhG informiert. Die sog. Einzelfallverg\u00fctung wird demnach \u2013 &hellip; <a href=\"https:\/\/blogs.fu-berlin.de\/ideenbar\/2016\/01\/13\/urheberrecht-fuer-e-learning-materialien-uebergangsjahr-2016\/\" class=\"more-link\"><span class=\"screen-reader-text\">\u201eUrheberrecht f\u00fcr E-Learning Materialien: \u00dcbergangsjahr 2016\u201c<\/span> weiterlesen<\/a><\/p>\n","protected":false},"author":426,"featured_media":0,"comment_status":"open","ping_status":"open","sticky":false,"template":"","format":"standard","meta":{"footnotes":""},"categories":[9],"tags":[368],"class_list":["post-3451","post","type-post","status-publish","format-standard","hentry","category-allgemein","tag-recht"],"_links":{"self":[{"href":"https:\/\/blogs.fu-berlin.de\/ideenbar\/wp-json\/wp\/v2\/posts\/3451","targetHints":{"allow":["GET"]}}],"collection":[{"href":"https:\/\/blogs.fu-berlin.de\/ideenbar\/wp-json\/wp\/v2\/posts"}],"about":[{"href":"https:\/\/blogs.fu-berlin.de\/ideenbar\/wp-json\/wp\/v2\/types\/post"}],"author":[{"embeddable":true,"href":"https:\/\/blogs.fu-berlin.de\/ideenbar\/wp-json\/wp\/v2\/users\/426"}],"replies":[{"embeddable":true,"href":"https:\/\/blogs.fu-berlin.de\/ideenbar\/wp-json\/wp\/v2\/comments?post=3451"}],"version-history":[{"count":2,"href":"https:\/\/blogs.fu-berlin.de\/ideenbar\/wp-json\/wp\/v2\/posts\/3451\/revisions"}],"predecessor-version":[{"id":3453,"href":"https:\/\/blogs.fu-berlin.de\/ideenbar\/wp-json\/wp\/v2\/posts\/3451\/revisions\/3453"}],"wp:attachment":[{"href":"https:\/\/blogs.fu-berlin.de\/ideenbar\/wp-json\/wp\/v2\/media?parent=3451"}],"wp:term":[{"taxonomy":"category","embeddable":true,"href":"https:\/\/blogs.fu-berlin.de\/ideenbar\/wp-json\/wp\/v2\/categories?post=3451"},{"taxonomy":"post_tag","embeddable":true,"href":"https:\/\/blogs.fu-berlin.de\/ideenbar\/wp-json\/wp\/v2\/tags?post=3451"}],"curies":[{"name":"wp","href":"https:\/\/api.w.org\/{rel}","templated":true}]}}