{"id":3631,"date":"2016-01-28T08:22:50","date_gmt":"2016-01-28T07:22:50","guid":{"rendered":"https:\/\/blogs.fu-berlin.de\/ideenbar\/?p=3631"},"modified":"2016-02-12T14:47:06","modified_gmt":"2016-02-12T13:47:06","slug":"merton-das-online-magazin-vom-stifterverband","status":"publish","type":"post","link":"https:\/\/blogs.fu-berlin.de\/ideenbar\/2016\/01\/28\/merton-das-online-magazin-vom-stifterverband\/","title":{"rendered":"MERTON &#8211; Das Online-Magazin vom Stifterverband"},"content":{"rendered":"<p><strong><em><span style=\"color: #99cc00\">Kurzmitteilung<\/span><\/em><\/strong><\/p>\n<p>Mit MERTON gibt der <a href=\"https:\/\/www.stifterverband.org\/\" target=\"_blank\">Stifterverband <\/a>ein neues Online-Magazin heraus, in dem \u00fcber Bildung, Wissenschaft und Innovation berichtet wird. Laut Pressemitteilung verbindet MERTON,<\/p>\n<blockquote><p>&#8222;personalisiertes Storytelling mit Bilderstrecken, Audio- und Videoinhalten, die das geschriebene Wort erg\u00e4nzen und vertiefen. Eine w\u00f6chentliche Kolumne bereichert das redaktionelle Angebot durch die Meinungen unabh\u00e4ngiger externer K\u00f6pfe: Neben Kathrin Passig, Patrick Breitenbach und Gunter Dueck geh\u00f6ren Christoph Kappes, Beatrice Lugger, Justus Haucap und Metin Tolan zu den regelm\u00e4\u00dfigen Kolumnisten des Magazins.&#8220; (<a href=\"https:\/\/idw-online.de\/de\/news644963\" target=\"_blank\">via Pressemittlung des Stifterverbandes bei idw<\/a>)<\/p><\/blockquote>\n<p><span style=\"color: #99cc00\">\u25ba <span style=\"color: #333333\">Zum <a href=\"https:\/\/www.merton-magazin.de\" target=\"_blank\">Online-Magazin MERTON<\/a><\/span><\/span><\/p>\n","protected":false},"excerpt":{"rendered":"<p>Kurzmitteilung Mit MERTON gibt der Stifterverband ein neues Online-Magazin heraus, in dem \u00fcber Bildung, Wissenschaft und Innovation berichtet wird. Laut Pressemitteilung verbindet MERTON, &#8222;personalisiertes Storytelling mit Bilderstrecken, Audio- und Videoinhalten, die das geschriebene Wort erg\u00e4nzen und vertiefen. Eine w\u00f6chentliche Kolumne bereichert das redaktionelle Angebot durch die Meinungen unabh\u00e4ngiger externer K\u00f6pfe: Neben Kathrin Passig, Patrick Breitenbach &hellip; <a href=\"https:\/\/blogs.fu-berlin.de\/ideenbar\/2016\/01\/28\/merton-das-online-magazin-vom-stifterverband\/\" class=\"more-link\"><span class=\"screen-reader-text\">\u201eMERTON &#8211; Das Online-Magazin vom Stifterverband\u201c<\/span> weiterlesen<\/a><\/p>\n","protected":false},"author":93,"featured_media":0,"comment_status":"open","ping_status":"open","sticky":false,"template":"","format":"standard","meta":{"footnotes":""},"categories":[9],"tags":[46840,40532,46988,46987],"class_list":["post-3631","post","type-post","status-publish","format-standard","hentry","category-allgemein","tag-kurzmitteilung","tag-lesetipp","tag-merton","tag-online-magazin"],"_links":{"self":[{"href":"https:\/\/blogs.fu-berlin.de\/ideenbar\/wp-json\/wp\/v2\/posts\/3631","targetHints":{"allow":["GET"]}}],"collection":[{"href":"https:\/\/blogs.fu-berlin.de\/ideenbar\/wp-json\/wp\/v2\/posts"}],"about":[{"href":"https:\/\/blogs.fu-berlin.de\/ideenbar\/wp-json\/wp\/v2\/types\/post"}],"author":[{"embeddable":true,"href":"https:\/\/blogs.fu-berlin.de\/ideenbar\/wp-json\/wp\/v2\/users\/93"}],"replies":[{"embeddable":true,"href":"https:\/\/blogs.fu-berlin.de\/ideenbar\/wp-json\/wp\/v2\/comments?post=3631"}],"version-history":[{"count":5,"href":"https:\/\/blogs.fu-berlin.de\/ideenbar\/wp-json\/wp\/v2\/posts\/3631\/revisions"}],"predecessor-version":[{"id":3637,"href":"https:\/\/blogs.fu-berlin.de\/ideenbar\/wp-json\/wp\/v2\/posts\/3631\/revisions\/3637"}],"wp:attachment":[{"href":"https:\/\/blogs.fu-berlin.de\/ideenbar\/wp-json\/wp\/v2\/media?parent=3631"}],"wp:term":[{"taxonomy":"category","embeddable":true,"href":"https:\/\/blogs.fu-berlin.de\/ideenbar\/wp-json\/wp\/v2\/categories?post=3631"},{"taxonomy":"post_tag","embeddable":true,"href":"https:\/\/blogs.fu-berlin.de\/ideenbar\/wp-json\/wp\/v2\/tags?post=3631"}],"curies":[{"name":"wp","href":"https:\/\/api.w.org\/{rel}","templated":true}]}}