{"id":3751,"date":"2016-02-12T14:34:41","date_gmt":"2016-02-12T13:34:41","guid":{"rendered":"https:\/\/blogs.fu-berlin.de\/ideenbar\/?p=3751"},"modified":"2016-02-19T09:27:45","modified_gmt":"2016-02-19T08:27:45","slug":"zeitzeugeninterviews-im-geschichtsunterricht","status":"publish","type":"post","link":"https:\/\/blogs.fu-berlin.de\/ideenbar\/2016\/02\/12\/zeitzeugeninterviews-im-geschichtsunterricht\/","title":{"rendered":"Zeitzeugeninterviews im Geschichtsunterricht"},"content":{"rendered":"<div class=\"abstract\">\n<div class=\"editor-content\">\n<h3><a href=\"https:\/\/blogs.fu-berlin.de\/ideenbar\/files\/2016\/02\/lfc-nl.png\"><img loading=\"lazy\" decoding=\"async\" class=\" size-full wp-image-3752 alignright\" src=\"https:\/\/blogs.fu-berlin.de\/ideenbar\/files\/2016\/02\/lfc-nl.png\" alt=\"Lehrerfortbildung CeDiS\" width=\"162\" height=\"71\" \/><\/a><span style=\"color: #99cc00\">CeDiS gibt Lehrerfortbildungen f\u00fcr die Einbindung von Zeitzeugen-Interviews im Geschichtsunterricht<br \/>\n<\/span><\/h3>\n<\/div>\n<\/div>\n<div class=\"editor-content\">\n<p>Das Center f\u00fcr Digitale Systeme (CeDiS) verf\u00fcgt \u00fcber einen E-Research-Bereich, der unter anderen drei gro\u00dfe Archive mit Zeitzeugnissen zum II. Weltkrieg betreibt und\/oder kuratiert.\u00a0Das <a href=\"https:\/\/www.cedis.fu-berlin.de\/cedis\/projekte\/vha\/index.html\" target=\"_blank\">Visual History Archive<\/a>, das Online-Archiv <a href=\"https:\/\/www.cedis.fu-berlin.de\/cedis\/projekte\/zwangsarbeit-archiv\/index.html\" target=\"_blank\">\u201eZwangsarbeit 1939 &#8211; 1945\u201c<\/a> und die britische Sammlung \u201e<a href=\"https:\/\/www.refugeevoices.fu-berlin.de\/\" target=\"_blank\">Refugee Voices<\/a>\u201c beinhalten tausende audiovisueller lebensgeschichtlicher Interviews, die jeweils verschiedene Aspekte nationalsozialistischen Verbrechens darstellen. Im Rahmen verschiedener Projekte wurden bei CeDiS auf Grund der Archivbest\u00e4nde Materialien f\u00fcr schulische und au\u00dferschulische Bildung aufbereitet. Lehrerinnen und Lehrern stehen mehrere M\u00f6glichkeiten und thematische Zug\u00e4nge zur Verf\u00fcgung, wie sie die Zeitzeugnisse im Unterricht einbringen:<\/p>\n<ul>\n<li>die <a href=\"https:\/\/www.zeugendershoah.de\/\" target=\"_blank\">Online-Plattform Zeugen der Shoah<\/a><\/li>\n<li>die den <a href=\"https:\/\/www.zwangsarbeit-archiv.de\/bildung\/index.html\" target=\"_blank\">Angeboten<\/a> der Webseite &#8222;Zwangsarbeit 1939 &#8211; 1945&#8220;<\/li>\n<li>die auf DVD bestellbaren Bildungsmaterialien. Diese finden Sie <a href=\"https:\/\/www.zwangsarbeit-archiv.de\/bildung\/schule\/index.html\" target=\"_blank\">hier<\/a> und <a href=\"https:\/\/www.zeugendershoah.de\/dvd-reihe\/index.html\" target=\"_blank\">hier\u00a0<\/a><\/li>\n<li>die im Zusammenarbeit mit der Stiftung Topographie des Terrors angebotene <a href=\"https:\/\/www.cedis.fu-berlin.de\/cedis\/projekte\/stot\/index.html\" target=\"_blank\">Seminarreihe<\/a><\/li>\n<\/ul>\n<p>Im Rahmen des Projekts &#8222;<a href=\"https:\/\/www.zeugendershoah.de\/lehrerfortbildungen\/termine\/index.html\" target=\"_blank\">Zeugen der Shoah. Lehren und Lernen mit Video-Interviews<\/a>&#8220; und k\u00fcnftig auch innerhalb des Projekts &#8222;Zwangsarbeit 1939 &#8211; 1945&#8220; bietet CeDiS Fortbildungen an: Lehrende k\u00f6nnen mehr \u00fcber den Einsatz und die M\u00f6glichkeiten der entwickelten Materialien erfahren. Dabei werden\u00a0didaktische und methodische Konzepte sowie historische Hintergr\u00fcnde der Arbeit mit Video-Interviews dargelegt, gefolgt von einer praktischen Phase in der Lehrende die Materialien erproben und eine eigene Unterrichtseinheit entwerfen.<\/p>\n<p><a href=\"https:\/\/www.cedis.fu-berlin.de\/cedis\/mitarbeiter\/beschaeftigte\/dtausendfreund.html\" target=\"_blank\">&gt;&gt; Kontakt<\/a><\/p>\n<\/div>\n","protected":false},"excerpt":{"rendered":"<p>CeDiS gibt Lehrerfortbildungen f\u00fcr die Einbindung von Zeitzeugen-Interviews im Geschichtsunterricht Das Center f\u00fcr Digitale Systeme (CeDiS) verf\u00fcgt \u00fcber einen E-Research-Bereich, der unter anderen drei gro\u00dfe Archive mit Zeitzeugnissen zum II. Weltkrieg betreibt und\/oder kuratiert.\u00a0Das Visual History Archive, das Online-Archiv \u201eZwangsarbeit 1939 &#8211; 1945\u201c und die britische Sammlung \u201eRefugee Voices\u201c beinhalten tausende audiovisueller lebensgeschichtlicher Interviews, die &hellip; <a href=\"https:\/\/blogs.fu-berlin.de\/ideenbar\/2016\/02\/12\/zeitzeugeninterviews-im-geschichtsunterricht\/\" class=\"more-link\"><span class=\"screen-reader-text\">\u201eZeitzeugeninterviews im Geschichtsunterricht\u201c<\/span> weiterlesen<\/a><\/p>\n","protected":false},"author":426,"featured_media":0,"comment_status":"open","ping_status":"open","sticky":false,"template":"","format":"standard","meta":{"footnotes":""},"categories":[9],"tags":[1668],"class_list":["post-3751","post","type-post","status-publish","format-standard","hentry","category-allgemein","tag-schule"],"_links":{"self":[{"href":"https:\/\/blogs.fu-berlin.de\/ideenbar\/wp-json\/wp\/v2\/posts\/3751","targetHints":{"allow":["GET"]}}],"collection":[{"href":"https:\/\/blogs.fu-berlin.de\/ideenbar\/wp-json\/wp\/v2\/posts"}],"about":[{"href":"https:\/\/blogs.fu-berlin.de\/ideenbar\/wp-json\/wp\/v2\/types\/post"}],"author":[{"embeddable":true,"href":"https:\/\/blogs.fu-berlin.de\/ideenbar\/wp-json\/wp\/v2\/users\/426"}],"replies":[{"embeddable":true,"href":"https:\/\/blogs.fu-berlin.de\/ideenbar\/wp-json\/wp\/v2\/comments?post=3751"}],"version-history":[{"count":6,"href":"https:\/\/blogs.fu-berlin.de\/ideenbar\/wp-json\/wp\/v2\/posts\/3751\/revisions"}],"predecessor-version":[{"id":3777,"href":"https:\/\/blogs.fu-berlin.de\/ideenbar\/wp-json\/wp\/v2\/posts\/3751\/revisions\/3777"}],"wp:attachment":[{"href":"https:\/\/blogs.fu-berlin.de\/ideenbar\/wp-json\/wp\/v2\/media?parent=3751"}],"wp:term":[{"taxonomy":"category","embeddable":true,"href":"https:\/\/blogs.fu-berlin.de\/ideenbar\/wp-json\/wp\/v2\/categories?post=3751"},{"taxonomy":"post_tag","embeddable":true,"href":"https:\/\/blogs.fu-berlin.de\/ideenbar\/wp-json\/wp\/v2\/tags?post=3751"}],"curies":[{"name":"wp","href":"https:\/\/api.w.org\/{rel}","templated":true}]}}