{"id":3790,"date":"2016-02-23T09:00:53","date_gmt":"2016-02-23T08:00:53","guid":{"rendered":"https:\/\/blogs.fu-berlin.de\/ideenbar\/?p=3790"},"modified":"2016-02-19T13:33:08","modified_gmt":"2016-02-19T12:33:08","slug":"festival-zu-open-educational-resources","status":"publish","type":"post","link":"https:\/\/blogs.fu-berlin.de\/ideenbar\/2016\/02\/23\/festival-zu-open-educational-resources\/","title":{"rendered":"Festival zu Open Educational Resources"},"content":{"rendered":"<figure id=\"attachment_3791\" aria-describedby=\"caption-attachment-3791\" style=\"width: 273px\" class=\"wp-caption alignleft\"><a href=\"https:\/\/blogs.fu-berlin.de\/ideenbar\/files\/2016\/02\/OER_2016.png\"><img loading=\"lazy\" decoding=\"async\" class=\" wp-image-3791\" src=\"https:\/\/blogs.fu-berlin.de\/ideenbar\/files\/2016\/02\/OER_2016.png\" alt=\"Quelle: https:\/\/open-educational-resources.de\/\" width=\"273\" height=\"146\" srcset=\"https:\/\/blogs.fu-berlin.de\/ideenbar\/files\/2016\/02\/OER_2016.png 608w, https:\/\/blogs.fu-berlin.de\/ideenbar\/files\/2016\/02\/OER_2016-300x160.png 300w\" sizes=\"auto, (max-width: 273px) 85vw, 273px\" \/><\/a><figcaption id=\"caption-attachment-3791\" class=\"wp-caption-text\">Quelle: https:\/\/open-educational-resources.de\/<\/figcaption><\/figure>\n<h3><span style=\"color: #99cc00\">28. Februar bis 1. M\u00e4rz in Berlin<\/span><\/h3>\n<div class=\"editor-content\">\n<p>Unter der Schirmherrschaft der Deutschen Unesco-Kommission e.V. und des Ministerpr\u00e4sidenten von Schleswig-Holstein m\u00f6chte das OER-Festival 2016 #OERde16 die Breite und Vielfalt der deutschsprachigen Open Educational Resources sichtbar machen. Das Festival setzt sich dabei aus mehreren den OER gewidmeten Veranstaltungen zusammen, die auch unabh\u00e4ngig voneinander besucht werden k\u00f6nnen.<\/p>\n<p>F\u00fcr den 28. und 29. Februar ist das <a href=\"https:\/\/open-educational-resources.de\/16\/oercamp\/\" target=\"_blank\">OERcamp 2016 <\/a>unter dem Motto &#8222;Open Educational Resources in der Praxis&#8220;\u00a0geplant, das in Workshops und Sessions\u00a0die ganze Bandbreite des Themenfeldes bearbeiten wird, von grundlegenden Einf\u00fchrungen bis zu spezial-gelagerten Sonderf\u00e4llen. H\u00e4ufig stehen hier praktische Anwendungen oder die Produktion konkreter Materialien im Vordergrund.<\/p>\n<\/div>\n<p><!--more--><\/p>\n<div class=\"editor-content\">\n<p>Am Abend des 29. Februar findet im Rahmen des Festivals ein <a href=\"https:\/\/open-educational-resources.de\/16\/mappingoer\/\" target=\"_blank\">Diskussionsabend zur Zukunft von freien Bildungsmaterialien in Deutschland<\/a>, organisiert von Wikimedia Deutschland, statt.<\/p>\n<p>Das <a href=\"https:\/\/open-educational-resources.de\/16\/fachforum\/\" target=\"_blank\">OER-Fachforum 2016<\/a>\u00a0am 1. M\u00e4rz liefert\u00a0Akteurinnen und Akteuren, die als Entscheidungstr\u00e4ger zu oder Produzenten von OER involviert sind, eine \u00dcbersicht der vorhandenen Initiativen und Projekte sowie M\u00f6glichkeiten zu Kooperationen und Austausch.\u00a0Im Anschluss werden die <a href=\"https:\/\/open-educational-resources.de\/16\/award\/\" target=\"_blank\">OER-Awards 2016<\/a> verliehen:\u00a0der erste gro\u00dfe Wettbewerb zu Open Educational Resources im deutschsprachigen Raum. Im Vordergrund steht das Ziel, die Sichtbarkeit und Anerkennung f\u00fcr Akteure und Angebote zu st\u00e4rken. Der Gewinner wird mit einem Preis von 10.000 Euro ausgelobt.<\/p>\n<p>Am 1. M\u00e4rz wird zudem auch das <a href=\"https:\/\/open-educational-resources.de\/16\/atlas\/\" target=\"_blank\">OER-Atlas 2016<\/a> ver\u00f6ffentlicht, eine Publikation die\u00a0einen aktuellen \u00dcberblick \u00fcber die OER-Landschaft im deutschsprachigen Raum bietet.<\/p>\n<p>Weitere Informationen sowie Anmeldem\u00f6glichkeiten finden Sie <a href=\"https:\/\/open-educational-resources.de\/16\/\" target=\"_blank\">hier\u00a0\u00bb<\/a><\/p>\n<\/div>\n","protected":false},"excerpt":{"rendered":"<p>28. Februar bis 1. M\u00e4rz in Berlin Unter der Schirmherrschaft der Deutschen Unesco-Kommission e.V. und des Ministerpr\u00e4sidenten von Schleswig-Holstein m\u00f6chte das OER-Festival 2016 #OERde16 die Breite und Vielfalt der deutschsprachigen Open Educational Resources sichtbar machen. Das Festival setzt sich dabei aus mehreren den OER gewidmeten Veranstaltungen zusammen, die auch unabh\u00e4ngig voneinander besucht werden k\u00f6nnen. F\u00fcr &hellip; <a href=\"https:\/\/blogs.fu-berlin.de\/ideenbar\/2016\/02\/23\/festival-zu-open-educational-resources\/\" class=\"more-link\"><span class=\"screen-reader-text\">\u201eFestival zu Open Educational Resources\u201c<\/span> weiterlesen<\/a><\/p>\n","protected":false},"author":426,"featured_media":0,"comment_status":"open","ping_status":"open","sticky":false,"template":"","format":"standard","meta":{"footnotes":""},"categories":[9],"tags":[2229],"class_list":["post-3790","post","type-post","status-publish","format-standard","hentry","category-allgemein","tag-oer"],"_links":{"self":[{"href":"https:\/\/blogs.fu-berlin.de\/ideenbar\/wp-json\/wp\/v2\/posts\/3790","targetHints":{"allow":["GET"]}}],"collection":[{"href":"https:\/\/blogs.fu-berlin.de\/ideenbar\/wp-json\/wp\/v2\/posts"}],"about":[{"href":"https:\/\/blogs.fu-berlin.de\/ideenbar\/wp-json\/wp\/v2\/types\/post"}],"author":[{"embeddable":true,"href":"https:\/\/blogs.fu-berlin.de\/ideenbar\/wp-json\/wp\/v2\/users\/426"}],"replies":[{"embeddable":true,"href":"https:\/\/blogs.fu-berlin.de\/ideenbar\/wp-json\/wp\/v2\/comments?post=3790"}],"version-history":[{"count":2,"href":"https:\/\/blogs.fu-berlin.de\/ideenbar\/wp-json\/wp\/v2\/posts\/3790\/revisions"}],"predecessor-version":[{"id":3793,"href":"https:\/\/blogs.fu-berlin.de\/ideenbar\/wp-json\/wp\/v2\/posts\/3790\/revisions\/3793"}],"wp:attachment":[{"href":"https:\/\/blogs.fu-berlin.de\/ideenbar\/wp-json\/wp\/v2\/media?parent=3790"}],"wp:term":[{"taxonomy":"category","embeddable":true,"href":"https:\/\/blogs.fu-berlin.de\/ideenbar\/wp-json\/wp\/v2\/categories?post=3790"},{"taxonomy":"post_tag","embeddable":true,"href":"https:\/\/blogs.fu-berlin.de\/ideenbar\/wp-json\/wp\/v2\/tags?post=3790"}],"curies":[{"name":"wp","href":"https:\/\/api.w.org\/{rel}","templated":true}]}}