{"id":3840,"date":"2016-03-02T09:00:37","date_gmt":"2016-03-02T08:00:37","guid":{"rendered":"https:\/\/blogs.fu-berlin.de\/ideenbar\/?p=3840"},"modified":"2016-03-01T14:12:38","modified_gmt":"2016-03-01T13:12:38","slug":"neues-e-learning-projekt-fuer-fluechtlinge","status":"publish","type":"post","link":"https:\/\/blogs.fu-berlin.de\/ideenbar\/2016\/03\/02\/neues-e-learning-projekt-fuer-fluechtlinge\/","title":{"rendered":"Neues E-Learning-Projekt f\u00fcr Fl\u00fcchtlinge"},"content":{"rendered":"<h3><span style=\"color: #99cc00\"><a href=\"https:\/\/blogs.fu-berlin.de\/ideenbar\/files\/2016\/03\/refugees.jpg\"><img loading=\"lazy\" decoding=\"async\" class=\"  wp-image-3841 alignright\" src=\"https:\/\/blogs.fu-berlin.de\/ideenbar\/files\/2016\/03\/refugees.jpg\" alt=\"https:\/\/pixabay.com \/ 818184\" width=\"249\" height=\"134\" srcset=\"https:\/\/blogs.fu-berlin.de\/ideenbar\/files\/2016\/03\/refugees.jpg 960w, https:\/\/blogs.fu-berlin.de\/ideenbar\/files\/2016\/03\/refugees-300x162.jpg 300w\" sizes=\"auto, (max-width: 249px) 85vw, 249px\" \/><\/a>Kurzmitteilung<\/span><\/h3>\n<p><strong>Erwachsenenbildung in der Fl\u00fcchtlingshilfe: Pilotprojekt an verschiedenen Bibliotheken in Baden-W\u00fcrttemberg<\/strong><\/p>\n<p>Sieben \u00f6ffentliche Bibliotheken in Baden-W\u00fcrtemberg sind Teil eines neuen E-Learning-Projekts f\u00fcr Fl\u00fcchtlinge. Durch die dortige Einrichtung spezieller E-Learning-Pl\u00e4tze k\u00f6nnen Fl\u00fcchtlinge an Computern Deutschkurse belegen, Lernsoftware aufrufen und WLAN\/Notebooks frei nutzen. Ziel ist die Schaffung guter Lernbedingungen f\u00fcr Fl\u00fcchtlinge an \u00f6ffentlichen, frei zug\u00e4nglichen Orten (Quelle: tagblatt.de). Auch die <a href=\"https:\/\/www.gml-2016.de\" target=\"_blank\">GML\u00b2 2016<\/a> besch\u00e4ftigt sich in der kommenden Woche u.a. mit digitalen Bildungsangeboten f\u00fcr Fl\u00fcchtlinge.<\/p>\n","protected":false},"excerpt":{"rendered":"<p>Kurzmitteilung Erwachsenenbildung in der Fl\u00fcchtlingshilfe: Pilotprojekt an verschiedenen Bibliotheken in Baden-W\u00fcrttemberg Sieben \u00f6ffentliche Bibliotheken in Baden-W\u00fcrtemberg sind Teil eines neuen E-Learning-Projekts f\u00fcr Fl\u00fcchtlinge. Durch die dortige Einrichtung spezieller E-Learning-Pl\u00e4tze k\u00f6nnen Fl\u00fcchtlinge an Computern Deutschkurse belegen, Lernsoftware aufrufen und WLAN\/Notebooks frei nutzen. Ziel ist die Schaffung guter Lernbedingungen f\u00fcr Fl\u00fcchtlinge an \u00f6ffentlichen, frei zug\u00e4nglichen Orten (Quelle: &hellip; <a href=\"https:\/\/blogs.fu-berlin.de\/ideenbar\/2016\/03\/02\/neues-e-learning-projekt-fuer-fluechtlinge\/\" class=\"more-link\"><span class=\"screen-reader-text\">\u201eNeues E-Learning-Projekt f\u00fcr Fl\u00fcchtlinge\u201c<\/span> weiterlesen<\/a><\/p>\n","protected":false},"author":426,"featured_media":0,"comment_status":"open","ping_status":"open","sticky":false,"template":"","format":"standard","meta":{"footnotes":""},"categories":[9],"tags":[],"class_list":["post-3840","post","type-post","status-publish","format-standard","hentry","category-allgemein"],"_links":{"self":[{"href":"https:\/\/blogs.fu-berlin.de\/ideenbar\/wp-json\/wp\/v2\/posts\/3840","targetHints":{"allow":["GET"]}}],"collection":[{"href":"https:\/\/blogs.fu-berlin.de\/ideenbar\/wp-json\/wp\/v2\/posts"}],"about":[{"href":"https:\/\/blogs.fu-berlin.de\/ideenbar\/wp-json\/wp\/v2\/types\/post"}],"author":[{"embeddable":true,"href":"https:\/\/blogs.fu-berlin.de\/ideenbar\/wp-json\/wp\/v2\/users\/426"}],"replies":[{"embeddable":true,"href":"https:\/\/blogs.fu-berlin.de\/ideenbar\/wp-json\/wp\/v2\/comments?post=3840"}],"version-history":[{"count":9,"href":"https:\/\/blogs.fu-berlin.de\/ideenbar\/wp-json\/wp\/v2\/posts\/3840\/revisions"}],"predecessor-version":[{"id":3850,"href":"https:\/\/blogs.fu-berlin.de\/ideenbar\/wp-json\/wp\/v2\/posts\/3840\/revisions\/3850"}],"wp:attachment":[{"href":"https:\/\/blogs.fu-berlin.de\/ideenbar\/wp-json\/wp\/v2\/media?parent=3840"}],"wp:term":[{"taxonomy":"category","embeddable":true,"href":"https:\/\/blogs.fu-berlin.de\/ideenbar\/wp-json\/wp\/v2\/categories?post=3840"},{"taxonomy":"post_tag","embeddable":true,"href":"https:\/\/blogs.fu-berlin.de\/ideenbar\/wp-json\/wp\/v2\/tags?post=3840"}],"curies":[{"name":"wp","href":"https:\/\/api.w.org\/{rel}","templated":true}]}}