{"id":3969,"date":"2016-03-17T09:00:19","date_gmt":"2016-03-17T08:00:19","guid":{"rendered":"https:\/\/blogs.fu-berlin.de\/ideenbar\/?p=3969"},"modified":"2016-04-11T12:29:21","modified_gmt":"2016-04-11T10:29:21","slug":"adobe-connect-starterhilfe","status":"publish","type":"post","link":"https:\/\/blogs.fu-berlin.de\/ideenbar\/2016\/03\/17\/adobe-connect-starterhilfe\/","title":{"rendered":"Adobe Connect: Starterhilfe"},"content":{"rendered":"<h3 class=\"mceTemp\"><span style=\"color: #99cc00\">Monatsspecial &#8222;Adobe Connect&#8220; (Teil 3\/3):<\/span><\/h3>\n<div class=\"entry\">\n<div>\n<p>In dieser Starterhilfe finden Sie Links zu weiterf\u00fchrenden Information, die Ihnen bei dem Start mit Adobe Connect helfen.<\/p>\n<\/div>\n<div>\n<div>\n<p><strong>DFN &#8211; Webkonferenzen mit Adobe Connect<br \/>\n<\/strong><\/p>\n<\/div>\n<\/div>\n<\/div>\n<p>Das Deutsche Forschungsnetz (DFN) stellt f\u00fcr Lehrende und Wissenschaftler\/innen der Freien Universit\u00e4t Berlin Adobe Connect zur kostenfreien Nutzung zur Verf\u00fcgung. Auf der <a href=\"https:\/\/www.vc.dfn.de\/webkonferenzen.html\" target=\"_blank\">Website des DFN<\/a>\u00a0finden Sie Informationen<\/p>\n<figure id=\"attachment_3977\" aria-describedby=\"caption-attachment-3977\" style=\"width: 300px\" class=\"wp-caption alignright\"><a href=\"https:\/\/blogs.fu-berlin.de\/ideenbar\/files\/2016\/03\/DFNVC-Webkonferenzen.png\"><img loading=\"lazy\" decoding=\"async\" class=\"size-medium wp-image-3977\" src=\"https:\/\/blogs.fu-berlin.de\/ideenbar\/files\/2016\/03\/DFNVC-Webkonferenzen-300x157.png\" alt=\"Startseite und Anmeldung zur Webkonferenz mit Adobe Connect\" width=\"300\" height=\"157\" srcset=\"https:\/\/blogs.fu-berlin.de\/ideenbar\/files\/2016\/03\/DFNVC-Webkonferenzen-300x157.png 300w, https:\/\/blogs.fu-berlin.de\/ideenbar\/files\/2016\/03\/DFNVC-Webkonferenzen-1024x537.png 1024w, https:\/\/blogs.fu-berlin.de\/ideenbar\/files\/2016\/03\/DFNVC-Webkonferenzen.png 1433w\" sizes=\"auto, (max-width: 300px) 85vw, 300px\" \/><\/a><figcaption id=\"caption-attachment-3977\" class=\"wp-caption-text\">Startseite und Anmeldung zur Webkonferenz mit Adobe Connect<\/figcaption><\/figure>\n<ul>\n<li>zu den Funktionen im Einzelnen<\/li>\n<li>zu den technischen Voraussetzungen<\/li>\n<li>zur Teilnahme sowie<\/li>\n<li>allgemeine Hinweise zum Dienst.<\/li>\n<\/ul>\n<p class=\"bodytext\">Au\u00dferdem bietet das DFN eine <a href=\"https:\/\/www.vc.dfn.de\/webkonferenzen\/kurzanleitung-links.html\" target=\"_blank\">Kurzanleitung<\/a> und es werden &#8222;<a href=\"https:\/\/webconf.vc.dfn.de\/common\/help\/de\/support\/startmain.htm\" target=\"_blank\">Erste Schritte<\/a>&#8220; erl\u00e4utert, um z. B. Meetings zu erstellen, Benutzer und Gruppen einzurichten oder Pr\u00e4sentationen zu ver\u00f6ffentlichen.<\/p>\n<p class=\"bodytext\"><strong>Anmeldung<\/strong><\/p>\n<p class=\"bodytext\">Adobe Connect kann ohne Installation direkt \u00fcber den Webbrowser genutzt werden. Zur Startseite von Adobe Connect gelangen Sie \u00fcber den folgenden Link: <a href=\"https:\/\/webconf.vc.dfn.de\/dfnvc\/disco\/index.html?entityID=https%3A%2F%2Fwebconf.vc.dfn.de%2Fshibboleth&amp;return=https%3A%2F%2Fwebconf.vc.dfn.de%2FShibboleth.sso%2FLogin%3FSAMLDS%3D1%26target%3Dss%253Amem%253A70e44ad549c0a47545e1f0bd552dc5f8f8c9feaf24ec4425f5c01f4e4a1129b9\" target=\"_blank\">DFNVC Webkonferenzen\u00a0&#8211;\u00a0Anmeldung f\u00fcr Veranstalter<\/a>.<br \/>\nAls Mitarbeiter\/in der Freien Universit\u00e4t Berlin mit einem FU-Account k\u00f6nnen Sie sich direkt \u00fcber das Single sign-on Ihrer Einrichtung als Meeting-Veranstalter\/in oder Meeting-Teilnehmer\/in anmelden. Geben Sie in dem Textfeld den Namen &#8222;Freie Universit\u00e4t Berlin&#8220; an oder w\u00e4hlen Sie diesen Namen in der Liste und klicken Sie auf den Button &#8222;OK&#8220;. Nach erfolgreicher Anmeldung werden Sie automatisch zum Veranstalter-Account oder zu Ihrem Meeting-Raum weitergeleitet.<strong>\u00a0<\/strong><\/p>\n<p class=\"firstHeading\"><strong><span dir=\"auto\">Adobe Connect: Lehr-\/Lernszenarien<\/span><\/strong><\/p>\n<p>Die\u00a0Adobe Connect Dach Nutzergruppe Didaktik hat in einem Wiki <a href=\"https:\/\/wiki.fernuni-hagen.de\/dachadobeconnect\/index.php\/Lehr-\/Lernszenarien\" target=\"_blank\">Einsatzm\u00f6glichkeiten f\u00fcr Adobe Connect<\/a> zusammengestellt. Diese umfassen vielf\u00e4ltige\u00a0Lehr- und Lernszenarien wie z. B. den Einsatz von Adobe Connect\u00a0 f\u00fcr Vortr\u00e4ge, f\u00fcr Online-Vorlesungen, zur Zusammenarbeit, f\u00fcr Online-\u00dcbungen, f\u00fcr hybride &#8211; und Blended Learning Veranstaltungen und mehr.<\/p>\n<p>Speziell zum Thema Adobe Connect und Flipped Classroom finden Sie ein reichhaltiges Informationsangebot in dem Blog <a href=\"https:\/\/blogs.fu-berlin.de\/icmchatde\/\" target=\"_blank\">ICM-Werkstatt<\/a>.<\/p>\n<p><strong>Freie Universit\u00e4t Berlin &#8211; Praxisbeispiele<\/strong><\/p>\n<p>In dem Wiki &#8222;E-Learning an der Freien Universit\u00e4t Berlin: Einsatzformen und Werkzeuge&#8220; finden Sie <a href=\"https:\/\/wikis.fu-berlin.de\/display\/eteaching\/Webkonferenzen%3A+Adobe+Connect\" target=\"_blank\">hier<\/a>\u00a0neben einer Kurzbeschreibung von Adobe Connect und Hinweisen zur Handhabung au\u00dferdem Praxisbeispiele zum Einsatz von Adobe Connect.<\/p>\n<div class=\"entry\">\n<div>\n<p><strong>Nutzungsbedingungen<br \/>\n<\/strong><\/p>\n<ul>\n<li>Die Nutzung von Adobe Connect ist f\u00fcr Lehrende und Wissenschaftler\/innen der Freien Universit\u00e4t Berlin entgeltfrei m\u00f6glich.<\/li>\n<li>Sie k\u00f6nnen sich <span class=\"link-window-section conf-macro output-inline\"> <span class=\"link-window-container\"> <a class=\"aui-button aui-button-link\" title=\"Visit location in new window\" href=\"https:\/\/webconf.vc.dfn.de\/\" target=\"_blank\"> hier<\/a> <\/span><\/span>\u00fcber den Button AAI Anmeldung bei dem DFN registrieren und Adobe Connect sofort einsetzen.<\/li>\n<li>Bei der ersten Anmeldung wird automatisch ein Veranstalter-Account auf dem Adobe-Connect-Server des DFNVC-Dienstes angelegt, mit Ihrem Vornamen, Nachnamen und Ihrer E-Mail-Adresse.<\/li>\n<\/ul>\n<\/div>\n<p><strong>CeDiS &#8211; Beratung zu Adobe Connect und Kontakt f\u00fcr FU-Angeh\u00f6rige<\/strong><\/p>\n<p>Das Center f\u00fcr Digitale Systeme (CeDiS) bietet auf der <a href=\"https:\/\/www.cedis.fu-berlin.de\/av-medien\/av3_dienste\/webkonferenz\/index.html\" target=\"_blank\">Website<\/a> Informationen zu Adobe Connect, f\u00fchrt <a href=\"https:\/\/www.cedis.fu-berlin.de\/cedis\/fortbildung.html\" target=\"_blank\">Schulungen<\/a> zu Adobe Connect durch und ber\u00e4t Sie gerne pers\u00f6nlich.\u00a0Sie sind neugierig geworden und m\u00f6chten weitere Ideen &amp; Tipps zu Adobe Connect von uns erhalten? Dann nehmen Sie direkt via Mail Kontakt auf mit: <a title=\"E-Mail an Athanasios Vassiliou senden\" href=\"mailto:athanasios.vassiliou@cedis.fu-berlin.de\">athanasios.vassiliou@cedis.fu-berlin.de<\/a><\/p>\n<div>\n<p><strong>Weitere Informationen<\/strong><\/p>\n<\/div>\n<p><span style=\"color: #99cc00\">\u25ba<\/span>\u00a0Teil\u00a0I des Monatspecials:\u00a0<a title=\"Permanent Link: Adobe Connect f\u00fcr Lehre und Wissenschaft im \u00dcberblick\" href=\"https:\/\/blogs.fu-berlin.de\/ideenbar\/2016\/03\/03\/3858\/\" rel=\"bookmark\">Adobe Connect im \u00dcberblick<\/a><br \/>\n<span style=\"color: #99cc00\">\u25ba<\/span>\u00a0Teil\u00a0II des Monatspecials: <a href=\"https:\/\/blogs.fu-berlin.de\/ideenbar\/2016\/03\/10\/adobe-connect-in-der-praxis\/\" target=\"_blank\">Adobe Connect in der Praxis<\/a><a href=\"https:\/\/blogs.fu-berlin.de\/ideenbar\/2016\/01\/14\/google-hangouts-fuer-lehre-und-wissenschaft-im-ueberblick\/\" target=\"_blank\"><br \/>\n<\/a><span style=\"color: #99cc00\">\u25ba<\/span>\u00a0LinkBar: Bookmarks zum Thema\u00a0<a href=\"https:\/\/www.diigo.com\/user\/linkbar\/adobe\" target=\"_blank\">Adobe Connect<br \/>\n<\/a><span style=\"color: #99cc00\">\u25ba <span style=\"color: #333333\">Steckbrief zu <a href=\"https:\/\/blogs.fu-berlin.de\/ideenbar\/tools\/adobe-connect\/\" target=\"_blank\">Adobe Connect<\/a><\/span><br \/>\n<\/span><\/p>\n<\/div>\n<p>&nbsp;<\/p>\n<div class=\"entry\"><\/div>\n","protected":false},"excerpt":{"rendered":"<p>Monatsspecial &#8222;Adobe Connect&#8220; (Teil 3\/3): In dieser Starterhilfe finden Sie Links zu weiterf\u00fchrenden Information, die Ihnen bei dem Start mit Adobe Connect helfen. DFN &#8211; Webkonferenzen mit Adobe Connect Das Deutsche Forschungsnetz (DFN) stellt f\u00fcr Lehrende und Wissenschaftler\/innen der Freien Universit\u00e4t Berlin Adobe Connect zur kostenfreien Nutzung zur Verf\u00fcgung. Auf der Website des DFN\u00a0finden Sie &hellip; <a href=\"https:\/\/blogs.fu-berlin.de\/ideenbar\/2016\/03\/17\/adobe-connect-starterhilfe\/\" class=\"more-link\"><span class=\"screen-reader-text\">\u201eAdobe Connect: Starterhilfe\u201c<\/span> weiterlesen<\/a><\/p>\n","protected":false},"author":93,"featured_media":0,"comment_status":"open","ping_status":"open","sticky":false,"template":"","format":"standard","meta":{"footnotes":""},"categories":[12623],"tags":[51186,51146,37713,46937],"class_list":["post-3969","post","type-post","status-publish","format-standard","hentry","category-adobe-connect","tag-adobe-connect","tag-virtuelles-klassenzimmer","tag-webkonferenz","tag-zusammenarbeit"],"_links":{"self":[{"href":"https:\/\/blogs.fu-berlin.de\/ideenbar\/wp-json\/wp\/v2\/posts\/3969","targetHints":{"allow":["GET"]}}],"collection":[{"href":"https:\/\/blogs.fu-berlin.de\/ideenbar\/wp-json\/wp\/v2\/posts"}],"about":[{"href":"https:\/\/blogs.fu-berlin.de\/ideenbar\/wp-json\/wp\/v2\/types\/post"}],"author":[{"embeddable":true,"href":"https:\/\/blogs.fu-berlin.de\/ideenbar\/wp-json\/wp\/v2\/users\/93"}],"replies":[{"embeddable":true,"href":"https:\/\/blogs.fu-berlin.de\/ideenbar\/wp-json\/wp\/v2\/comments?post=3969"}],"version-history":[{"count":38,"href":"https:\/\/blogs.fu-berlin.de\/ideenbar\/wp-json\/wp\/v2\/posts\/3969\/revisions"}],"predecessor-version":[{"id":4110,"href":"https:\/\/blogs.fu-berlin.de\/ideenbar\/wp-json\/wp\/v2\/posts\/3969\/revisions\/4110"}],"wp:attachment":[{"href":"https:\/\/blogs.fu-berlin.de\/ideenbar\/wp-json\/wp\/v2\/media?parent=3969"}],"wp:term":[{"taxonomy":"category","embeddable":true,"href":"https:\/\/blogs.fu-berlin.de\/ideenbar\/wp-json\/wp\/v2\/categories?post=3969"},{"taxonomy":"post_tag","embeddable":true,"href":"https:\/\/blogs.fu-berlin.de\/ideenbar\/wp-json\/wp\/v2\/tags?post=3969"}],"curies":[{"name":"wp","href":"https:\/\/api.w.org\/{rel}","templated":true}]}}