{"id":4021,"date":"2016-03-30T10:42:26","date_gmt":"2016-03-30T08:42:26","guid":{"rendered":"https:\/\/blogs.fu-berlin.de\/ideenbar\/?p=4021"},"modified":"2016-04-06T15:40:04","modified_gmt":"2016-04-06T13:40:04","slug":"zur-bedeutung-von-social-media-informellen-lernen","status":"publish","type":"post","link":"https:\/\/blogs.fu-berlin.de\/ideenbar\/2016\/03\/30\/zur-bedeutung-von-social-media-informellen-lernen\/","title":{"rendered":"Zur Bedeutung von Social Media &amp; informellen Lernen"},"content":{"rendered":"<blockquote>\n<p class=\"tw-data-text vk_txt tw-ta tw-text-small\" dir=\"ltr\" lang=\"de\">Das Lesen von Zeitschriftenartikeln auf dem Tablet w\u00e4hrend der Zugfahrt, die kurze Internetrecherche beim Fernsehquiz auf dem Sofa zu Hause, das Anfragen von Probleml\u00f6sungen in Online-Netzwerken w\u00e4hrend der Arbeit oder die Nutzung von St\u00e4dte- oder Museumsf\u00fchrern auf dem Smartphone im Urlaub geh\u00f6ren mittlerweile f\u00fcr viele Menschen zum selbstverst\u00e4ndlichen Alltag. Man k\u00f6nnte sagen, es sind Beispiele daf\u00fcr, wie in unterschiedlichen Zusammenh\u00e4ngen mit digitalen Medien informell gelernt wird. Damit stellen sich die Fragen, welche Bedeutung Social Media f\u00fcr das informelle Lernen zukommt und welche Konsequenzen sich daraus f\u00fcr die Erwachsenenbildung ableiten lassen.<\/p>\n<\/blockquote>\n<p class=\"tw-data-text vk_txt tw-ta tw-text-small\" dir=\"ltr\" lang=\"de\"><span lang=\"de\"><a href=\"https:\/\/www.sowi.uni-kl.de\/en\/erwachsenenbildung\/team\/prof-dr-matthias-rohs\/\" target=\"_blank\">Matthias Rohs<\/a> verfolgt mit dem Beitrag &#8222;<span style=\"color: #99cc00\"><span style=\"color: #000000\">Social Media und informelles Lernen&#8220; das Ziel<\/span><\/span>, <\/span>eine kritische Diskussion anzuregen, um zu einer differenzierten Einsch\u00e4tzung der Potenziale informellen Lernens mit digitalen Medien zu gelangen.<\/p>\n<p class=\"post__title\"><span style=\"color: #99cc00\">\u25ba <span style=\"color: #000000\">Zum Beitrag in diesem Lesetipp: <a href=\"https:\/\/www.diezeitschrift.de\/22013\/lerntheorie-01.pdf\" target=\"_blank\">Matthias Rohs &#8211; Social Media und informelles Lernen<\/a><\/span><\/span><\/p>\n","protected":false},"excerpt":{"rendered":"<p>Das Lesen von Zeitschriftenartikeln auf dem Tablet w\u00e4hrend der Zugfahrt, die kurze Internetrecherche beim Fernsehquiz auf dem Sofa zu Hause, das Anfragen von Probleml\u00f6sungen in Online-Netzwerken w\u00e4hrend der Arbeit oder die Nutzung von St\u00e4dte- oder Museumsf\u00fchrern auf dem Smartphone im Urlaub geh\u00f6ren mittlerweile f\u00fcr viele Menschen zum selbstverst\u00e4ndlichen Alltag. Man k\u00f6nnte sagen, es sind Beispiele &hellip; <a href=\"https:\/\/blogs.fu-berlin.de\/ideenbar\/2016\/03\/30\/zur-bedeutung-von-social-media-informellen-lernen\/\" class=\"more-link\"><span class=\"screen-reader-text\">\u201eZur Bedeutung von Social Media &amp; informellen Lernen\u201c<\/span> weiterlesen<\/a><\/p>\n","protected":false},"author":93,"featured_media":0,"comment_status":"open","ping_status":"open","sticky":false,"template":"","format":"standard","meta":{"footnotes":""},"categories":[9],"tags":[51150,46840,40532,980],"class_list":["post-4021","post","type-post","status-publish","format-standard","hentry","category-allgemein","tag-informelles-lernen","tag-kurzmitteilung","tag-lesetipp","tag-social-media"],"_links":{"self":[{"href":"https:\/\/blogs.fu-berlin.de\/ideenbar\/wp-json\/wp\/v2\/posts\/4021","targetHints":{"allow":["GET"]}}],"collection":[{"href":"https:\/\/blogs.fu-berlin.de\/ideenbar\/wp-json\/wp\/v2\/posts"}],"about":[{"href":"https:\/\/blogs.fu-berlin.de\/ideenbar\/wp-json\/wp\/v2\/types\/post"}],"author":[{"embeddable":true,"href":"https:\/\/blogs.fu-berlin.de\/ideenbar\/wp-json\/wp\/v2\/users\/93"}],"replies":[{"embeddable":true,"href":"https:\/\/blogs.fu-berlin.de\/ideenbar\/wp-json\/wp\/v2\/comments?post=4021"}],"version-history":[{"count":4,"href":"https:\/\/blogs.fu-berlin.de\/ideenbar\/wp-json\/wp\/v2\/posts\/4021\/revisions"}],"predecessor-version":[{"id":4054,"href":"https:\/\/blogs.fu-berlin.de\/ideenbar\/wp-json\/wp\/v2\/posts\/4021\/revisions\/4054"}],"wp:attachment":[{"href":"https:\/\/blogs.fu-berlin.de\/ideenbar\/wp-json\/wp\/v2\/media?parent=4021"}],"wp:term":[{"taxonomy":"category","embeddable":true,"href":"https:\/\/blogs.fu-berlin.de\/ideenbar\/wp-json\/wp\/v2\/categories?post=4021"},{"taxonomy":"post_tag","embeddable":true,"href":"https:\/\/blogs.fu-berlin.de\/ideenbar\/wp-json\/wp\/v2\/tags?post=4021"}],"curies":[{"name":"wp","href":"https:\/\/api.w.org\/{rel}","templated":true}]}}