{"id":4025,"date":"2016-03-30T13:26:08","date_gmt":"2016-03-30T11:26:08","guid":{"rendered":"https:\/\/blogs.fu-berlin.de\/ideenbar\/?p=4025"},"modified":"2016-04-06T11:00:47","modified_gmt":"2016-04-06T09:00:47","slug":"digitalkunde","status":"publish","type":"post","link":"https:\/\/blogs.fu-berlin.de\/ideenbar\/2016\/03\/30\/digitalkunde\/","title":{"rendered":"Bildung &amp; Zukunft der Arbeit"},"content":{"rendered":"<p>Die Zukunft der Arbeit wird sich \u00e4ndern. Digitalisierung wird dazu f\u00fchren, dass der Arbeitsmarkt im Jahre 2036 anders aussehen wird. Viele traditionelle Jobs werden sich ver\u00e4ndern oder ganz wegfallen. Deshalb m\u00fcssen wir schnell \u00fcber Bildung reden, so Stephan Noller, in dem Zeit Online-Post &#8222;Wir brauchen Digitalkunde ab der ersten Klasse&#8220;. Kinder, die heute eingeschult werden, treten schlie\u00dflich in 20 Jahren in diesen digitalisierten Arbeitsmarkt ein und daf\u00fcr w\u00e4ren entsprechende Kenntnisse von Vorteil. Lesen Sie den ganzen Artikel hier:<\/p>\n<p><span style=\"color: #99cc00\">\u25ba <\/span><a href=\"https:\/\/www.zeit.de\/digital\/internet\/2016-03\/bildung-schulfach-digitalkunde-erste-klasse\" target=\"_blank\">Stephan Noller &#8211; Wir brauchen Digitalkunde ab der ersten Klasse<\/a><\/p>\n<p>&nbsp;<\/p>\n","protected":false},"excerpt":{"rendered":"<p>Die Zukunft der Arbeit wird sich \u00e4ndern. Digitalisierung wird dazu f\u00fchren, dass der Arbeitsmarkt im Jahre 2036 anders aussehen wird. Viele traditionelle Jobs werden sich ver\u00e4ndern oder ganz wegfallen. Deshalb m\u00fcssen wir schnell \u00fcber Bildung reden, so Stephan Noller, in dem Zeit Online-Post &#8222;Wir brauchen Digitalkunde ab der ersten Klasse&#8220;. Kinder, die heute eingeschult werden, &hellip; <a href=\"https:\/\/blogs.fu-berlin.de\/ideenbar\/2016\/03\/30\/digitalkunde\/\" class=\"more-link\"><span class=\"screen-reader-text\">\u201eBildung &amp; Zukunft der Arbeit\u201c<\/span> weiterlesen<\/a><\/p>\n","protected":false},"author":93,"featured_media":0,"comment_status":"open","ping_status":"open","sticky":false,"template":"","format":"standard","meta":{"footnotes":""},"categories":[9],"tags":[51151,46840,40532,51152],"class_list":["post-4025","post","type-post","status-publish","format-standard","hentry","category-allgemein","tag-digitalkunde","tag-kurzmitteilung","tag-lesetipp","tag-zukunft-der-arbeit"],"_links":{"self":[{"href":"https:\/\/blogs.fu-berlin.de\/ideenbar\/wp-json\/wp\/v2\/posts\/4025","targetHints":{"allow":["GET"]}}],"collection":[{"href":"https:\/\/blogs.fu-berlin.de\/ideenbar\/wp-json\/wp\/v2\/posts"}],"about":[{"href":"https:\/\/blogs.fu-berlin.de\/ideenbar\/wp-json\/wp\/v2\/types\/post"}],"author":[{"embeddable":true,"href":"https:\/\/blogs.fu-berlin.de\/ideenbar\/wp-json\/wp\/v2\/users\/93"}],"replies":[{"embeddable":true,"href":"https:\/\/blogs.fu-berlin.de\/ideenbar\/wp-json\/wp\/v2\/comments?post=4025"}],"version-history":[{"count":6,"href":"https:\/\/blogs.fu-berlin.de\/ideenbar\/wp-json\/wp\/v2\/posts\/4025\/revisions"}],"predecessor-version":[{"id":4048,"href":"https:\/\/blogs.fu-berlin.de\/ideenbar\/wp-json\/wp\/v2\/posts\/4025\/revisions\/4048"}],"wp:attachment":[{"href":"https:\/\/blogs.fu-berlin.de\/ideenbar\/wp-json\/wp\/v2\/media?parent=4025"}],"wp:term":[{"taxonomy":"category","embeddable":true,"href":"https:\/\/blogs.fu-berlin.de\/ideenbar\/wp-json\/wp\/v2\/categories?post=4025"},{"taxonomy":"post_tag","embeddable":true,"href":"https:\/\/blogs.fu-berlin.de\/ideenbar\/wp-json\/wp\/v2\/tags?post=4025"}],"curies":[{"name":"wp","href":"https:\/\/api.w.org\/{rel}","templated":true}]}}