{"id":4206,"date":"2016-04-19T14:43:56","date_gmt":"2016-04-19T12:43:56","guid":{"rendered":"https:\/\/blogs.fu-berlin.de\/ideenbar\/?p=4206"},"modified":"2016-04-19T14:45:11","modified_gmt":"2016-04-19T12:45:11","slug":"lernen-mit-digitalen-medien-aus-studierendenperspektive","status":"publish","type":"post","link":"https:\/\/blogs.fu-berlin.de\/ideenbar\/2016\/04\/19\/lernen-mit-digitalen-medien-aus-studierendenperspektive\/","title":{"rendered":"Lernen mit digitalen Medien aus Studierendenperspektive"},"content":{"rendered":"<h2><span style=\"color: #99cc00\"><strong>Online-Podium &#8211; heute um 16 Uhr &#8211; via Adobe Connect<\/strong><\/span><\/h2>\n<p><a href=\"https:\/\/methodenlehre.sowi.uni-mainz.de\/methods\/index.php\/component\/contact\/contact\/1-dr-malte-persike\" target=\"_blank\">Dr. Malte Persike<\/a> stellt Ergebnisse der Studie &#8222;Lernen mit digitalen Medien aus Studierendenperspektive&#8220; heute bei einem von <a href=\"https:\/\/www.e-teaching.org\/\" target=\"_blank\">e-teaching.org<\/a> und dem <a href=\"https:\/\/hochschulforumdigitalisierung.de\/\" target=\"_blank\">Hochschulforum Digitalisierung<\/a> gemeinsam organisierten Online-Podium vor. Welche Impulse aus dieser Studie f\u00fcr die Lehre gewonnen werden k\u00f6nnen, diskutieren Prof. Bernhard Hirt von der Universit\u00e4t T\u00fcbingen, Prof. Loviscach von der Fachhochschule Bielefeld und eine Studentin, Medya Durak, von der Universit\u00e4t Marburg. Mehr Informationen gibt es <a href=\"https:\/\/hochschulforumdigitalisierung.de\/de\/news\/online-event-lernen-digitale-medien-studierendenperspektive\" target=\"_blank\">hier<\/a> und <a href=\"https:\/\/www.e-teaching.org\/community\/communityevents\/onlinepodium\/hfd-studie-studierende\" target=\"_blank\">hier<\/a>.<\/p>\n<p>Der Link zum Veranstaltungsraum wird ca. 15 Minuten vor Beginn der Veranstaltung <a href=\"https:\/\/www.e-teaching.org\/community\/communityevents\/onlinepodium\/hfd-studie-studierende\">hier<\/a> ver\u00f6ffentlicht.<\/p>\n<p><span style=\"color: #99cc00\">\u25ba<span style=\"color: #000000\"> Zur Studie: <\/span><\/span><span style=\"color: #000000\"><a href=\"https:\/\/hochschulforumdigitalisierung.de\/sites\/default\/files\/dateien\/HFD_AP_Nr_17_Lernen_mit_digitalen_Medien_aus_Studierendenperspektive.pdf\" target=\"_blank\">Lernen mit digitalen Medien aus Studierendenperspektive<\/a><\/span><\/p>\n<p>&nbsp;<\/p>\n","protected":false},"excerpt":{"rendered":"<p>Online-Podium &#8211; heute um 16 Uhr &#8211; via Adobe Connect Dr. Malte Persike stellt Ergebnisse der Studie &#8222;Lernen mit digitalen Medien aus Studierendenperspektive&#8220; heute bei einem von e-teaching.org und dem Hochschulforum Digitalisierung gemeinsam organisierten Online-Podium vor. Welche Impulse aus dieser Studie f\u00fcr die Lehre gewonnen werden k\u00f6nnen, diskutieren Prof. Bernhard Hirt von der Universit\u00e4t T\u00fcbingen, &hellip; <a href=\"https:\/\/blogs.fu-berlin.de\/ideenbar\/2016\/04\/19\/lernen-mit-digitalen-medien-aus-studierendenperspektive\/\" class=\"more-link\"><span class=\"screen-reader-text\">\u201eLernen mit digitalen Medien aus Studierendenperspektive\u201c<\/span> weiterlesen<\/a><\/p>\n","protected":false},"author":93,"featured_media":0,"comment_status":"open","ping_status":"open","sticky":false,"template":"","format":"standard","meta":{"footnotes":""},"categories":[9],"tags":[40532,37713],"class_list":["post-4206","post","type-post","status-publish","format-standard","hentry","category-allgemein","tag-lesetipp","tag-webkonferenz"],"_links":{"self":[{"href":"https:\/\/blogs.fu-berlin.de\/ideenbar\/wp-json\/wp\/v2\/posts\/4206","targetHints":{"allow":["GET"]}}],"collection":[{"href":"https:\/\/blogs.fu-berlin.de\/ideenbar\/wp-json\/wp\/v2\/posts"}],"about":[{"href":"https:\/\/blogs.fu-berlin.de\/ideenbar\/wp-json\/wp\/v2\/types\/post"}],"author":[{"embeddable":true,"href":"https:\/\/blogs.fu-berlin.de\/ideenbar\/wp-json\/wp\/v2\/users\/93"}],"replies":[{"embeddable":true,"href":"https:\/\/blogs.fu-berlin.de\/ideenbar\/wp-json\/wp\/v2\/comments?post=4206"}],"version-history":[{"count":3,"href":"https:\/\/blogs.fu-berlin.de\/ideenbar\/wp-json\/wp\/v2\/posts\/4206\/revisions"}],"predecessor-version":[{"id":4210,"href":"https:\/\/blogs.fu-berlin.de\/ideenbar\/wp-json\/wp\/v2\/posts\/4206\/revisions\/4210"}],"wp:attachment":[{"href":"https:\/\/blogs.fu-berlin.de\/ideenbar\/wp-json\/wp\/v2\/media?parent=4206"}],"wp:term":[{"taxonomy":"category","embeddable":true,"href":"https:\/\/blogs.fu-berlin.de\/ideenbar\/wp-json\/wp\/v2\/categories?post=4206"},{"taxonomy":"post_tag","embeddable":true,"href":"https:\/\/blogs.fu-berlin.de\/ideenbar\/wp-json\/wp\/v2\/tags?post=4206"}],"curies":[{"name":"wp","href":"https:\/\/api.w.org\/{rel}","templated":true}]}}