{"id":4795,"date":"2016-06-10T10:06:05","date_gmt":"2016-06-10T08:06:05","guid":{"rendered":"https:\/\/blogs.fu-berlin.de\/ideenbar\/?p=4795"},"modified":"2016-06-10T10:13:52","modified_gmt":"2016-06-10T08:13:52","slug":"vhs-tag-2016","status":"publish","type":"post","link":"https:\/\/blogs.fu-berlin.de\/ideenbar\/2016\/06\/10\/vhs-tag-2016\/","title":{"rendered":"VHS-Tag 2016"},"content":{"rendered":"<h3><span style=\"color: #99cc00\">&#8222;Digitale Teilhabe f\u00fcr alle&#8220;<\/span><\/h3>\n<p>Die Herausforderungen unserer Zeit ist &#8222;Digitale Teilhabe f\u00fcr alle!&#8220; formuliert der Deutsche Volkshochschulverband und veranstaltet unter diesem Motto seit gestern den VHS-Tag 2016 in Berlin.<\/p>\n<p>Zu den Referent\/innen heute z\u00e4hlen unter anderem<\/p>\n<ul>\n<li>Prof. Dr. Johanna Wanka, Bundesministerin f\u00fcr Bildung und Forschung, die zur &#8222;Weiterbildungsoffensive f\u00fcr die digitale Gesellschaft&#8220; spricht und<\/li>\n<li>Andrea Nahles, Bundesministerin f\u00fcr Arbeit und Soziales, die zum Thema &#8222;Arbeiten 4.0: Herausforderungen f\u00fcr die Weiterbildung&#8220; referiert.<\/li>\n<\/ul>\n<p>Wer nicht unter den geladenen G\u00e4sten ist, kann <a href=\"https:\/\/volkshochschultag.de\/livestream.html\" target=\"_blank\">via Live-Stream online dabei<\/a> sein oder sich in dem <a href=\"https:\/\/blog.volkshochschule.de\/\" target=\"_blank\">Blog Volkshochschule<\/a> aktiv einbringen.<\/p>\n<p><span style=\"color: #99cc00\">\u25ba<\/span> VHS-Tag: <a href=\"https:\/\/volkshochschultag.de\/programm.html\" target=\"_blank\">Programm<\/a><br \/>\n<span style=\"color: #99cc00\">\u25ba<\/span> <a href=\"https:\/\/www.uni-tuebingen.de\/fakultaeten\/wirtschafts-und-sozialwissenschaftliche-fakultaet\/faecher\/erziehungswissenschaft\/abteilungen\/erwachsenenbildung-weiterbildung\/personal-staff\/prof-dr-josef-schrader.html\" target=\"_blank\">Prof. Schrader<\/a> zum Thema: <a href=\"https:\/\/wb-web.de\/aktuelles\/alles-durch-digitale-medien.html\" target=\"_blank\">Alles durch digitale Medien?<\/a><\/p>\n<p>&nbsp;<\/p>\n","protected":false},"excerpt":{"rendered":"<p>&#8222;Digitale Teilhabe f\u00fcr alle&#8220; Die Herausforderungen unserer Zeit ist &#8222;Digitale Teilhabe f\u00fcr alle!&#8220; formuliert der Deutsche Volkshochschulverband und veranstaltet unter diesem Motto seit gestern den VHS-Tag 2016 in Berlin. Zu den Referent\/innen heute z\u00e4hlen unter anderem Prof. Dr. Johanna Wanka, Bundesministerin f\u00fcr Bildung und Forschung, die zur &#8222;Weiterbildungsoffensive f\u00fcr die digitale Gesellschaft&#8220; spricht und Andrea &hellip; <a href=\"https:\/\/blogs.fu-berlin.de\/ideenbar\/2016\/06\/10\/vhs-tag-2016\/\" class=\"more-link\"><span class=\"screen-reader-text\">\u201eVHS-Tag 2016\u201c<\/span> weiterlesen<\/a><\/p>\n","protected":false},"author":93,"featured_media":0,"comment_status":"open","ping_status":"open","sticky":false,"template":"","format":"standard","meta":{"footnotes":""},"categories":[9],"tags":[51205,306],"class_list":["post-4795","post","type-post","status-publish","format-standard","hentry","category-allgemein","tag-vhs","tag-weiterbildung"],"_links":{"self":[{"href":"https:\/\/blogs.fu-berlin.de\/ideenbar\/wp-json\/wp\/v2\/posts\/4795","targetHints":{"allow":["GET"]}}],"collection":[{"href":"https:\/\/blogs.fu-berlin.de\/ideenbar\/wp-json\/wp\/v2\/posts"}],"about":[{"href":"https:\/\/blogs.fu-berlin.de\/ideenbar\/wp-json\/wp\/v2\/types\/post"}],"author":[{"embeddable":true,"href":"https:\/\/blogs.fu-berlin.de\/ideenbar\/wp-json\/wp\/v2\/users\/93"}],"replies":[{"embeddable":true,"href":"https:\/\/blogs.fu-berlin.de\/ideenbar\/wp-json\/wp\/v2\/comments?post=4795"}],"version-history":[{"count":4,"href":"https:\/\/blogs.fu-berlin.de\/ideenbar\/wp-json\/wp\/v2\/posts\/4795\/revisions"}],"predecessor-version":[{"id":4799,"href":"https:\/\/blogs.fu-berlin.de\/ideenbar\/wp-json\/wp\/v2\/posts\/4795\/revisions\/4799"}],"wp:attachment":[{"href":"https:\/\/blogs.fu-berlin.de\/ideenbar\/wp-json\/wp\/v2\/media?parent=4795"}],"wp:term":[{"taxonomy":"category","embeddable":true,"href":"https:\/\/blogs.fu-berlin.de\/ideenbar\/wp-json\/wp\/v2\/categories?post=4795"},{"taxonomy":"post_tag","embeddable":true,"href":"https:\/\/blogs.fu-berlin.de\/ideenbar\/wp-json\/wp\/v2\/tags?post=4795"}],"curies":[{"name":"wp","href":"https:\/\/api.w.org\/{rel}","templated":true}]}}