{"id":5226,"date":"2016-08-04T09:00:56","date_gmt":"2016-08-04T07:00:56","guid":{"rendered":"https:\/\/blogs.fu-berlin.de\/ideenbar\/?p=5226"},"modified":"2016-07-29T08:09:42","modified_gmt":"2016-07-29T06:09:42","slug":"mediaesthetics","status":"publish","type":"post","link":"https:\/\/blogs.fu-berlin.de\/ideenbar\/2016\/08\/04\/mediaesthetics\/","title":{"rendered":"Lesetipp: mediaesthetics"},"content":{"rendered":"<p>Mit<strong> medi<em>a<\/em>esthetics &#8211;\u00a0Zeitschrift f\u00fcr Poetologien audiovisueller Bilder,\u00a0<\/strong>gibt es\u00a0eine neue\u00a0medienwissenschaftliche Open Access Online-Publikation, die das Ziel verfolgt,<\/p>\n<p style=\"padding-left: 30px\">&#8222;der Methode und Praxis film- bzw. medienwissenschaftlicher Forschungsbeitr\u00e4ge eine Gestalt zu verleihen, die das wissenschaftliche Schreiben, Beschreiben, Zitieren und Argumentieren mit der Dynamik und Zeitlichkeit des audiovisuellen Bildes und mit den dynamischen M\u00f6glichkeiten digitaler Ver\u00f6ffentlichungsformate verschr\u00e4nkt&#8220;.<\/p>\n<p>Herausgegeben\u00a0wird\u00a0<strong>medi<em>a<\/em>esthetics<\/strong>\u00a0von der Kolleg-Forschergruppe <a href=\"https:\/\/www.cinepoetics.fu-berlin.de\/index.html\" target=\"_blank\">Cinepoetics<\/a>\u00a0an der FU Berlin. Die Publikation erscheint zweimal j\u00e4hrlich in deutscher und englischer Sprache.<\/p>\n<p><span style=\"color: #99cc00\">\u25ba<\/span> Zur Online-Publikation:\u00a0<a href=\"https:\/\/www.mediaesthetics.org\/index.php\/mae\/index\" target=\"_blank\"><strong>medi<em>a<\/em>esthetics<\/strong><\/a><\/p>\n<p>&nbsp;<\/p>\n","protected":false},"excerpt":{"rendered":"<p>Mit mediaesthetics &#8211;\u00a0Zeitschrift f\u00fcr Poetologien audiovisueller Bilder,\u00a0gibt es\u00a0eine neue\u00a0medienwissenschaftliche Open Access Online-Publikation, die das Ziel verfolgt, &#8222;der Methode und Praxis film- bzw. medienwissenschaftlicher Forschungsbeitr\u00e4ge eine Gestalt zu verleihen, die das wissenschaftliche Schreiben, Beschreiben, Zitieren und Argumentieren mit der Dynamik und Zeitlichkeit des audiovisuellen Bildes und mit den dynamischen M\u00f6glichkeiten digitaler Ver\u00f6ffentlichungsformate verschr\u00e4nkt&#8220;. Herausgegeben\u00a0wird\u00a0mediaesthetics\u00a0von der Kolleg-Forschergruppe &hellip; <a href=\"https:\/\/blogs.fu-berlin.de\/ideenbar\/2016\/08\/04\/mediaesthetics\/\" class=\"more-link\"><span class=\"screen-reader-text\">\u201eLesetipp: mediaesthetics\u201c<\/span> weiterlesen<\/a><\/p>\n","protected":false},"author":93,"featured_media":0,"comment_status":"open","ping_status":"open","sticky":false,"template":"","format":"standard","meta":{"footnotes":""},"categories":[9],"tags":[40532,66798,552],"class_list":["post-5226","post","type-post","status-publish","format-standard","hentry","category-allgemein","tag-lesetipp","tag-mediaesthetics","tag-open-access"],"_links":{"self":[{"href":"https:\/\/blogs.fu-berlin.de\/ideenbar\/wp-json\/wp\/v2\/posts\/5226","targetHints":{"allow":["GET"]}}],"collection":[{"href":"https:\/\/blogs.fu-berlin.de\/ideenbar\/wp-json\/wp\/v2\/posts"}],"about":[{"href":"https:\/\/blogs.fu-berlin.de\/ideenbar\/wp-json\/wp\/v2\/types\/post"}],"author":[{"embeddable":true,"href":"https:\/\/blogs.fu-berlin.de\/ideenbar\/wp-json\/wp\/v2\/users\/93"}],"replies":[{"embeddable":true,"href":"https:\/\/blogs.fu-berlin.de\/ideenbar\/wp-json\/wp\/v2\/comments?post=5226"}],"version-history":[{"count":3,"href":"https:\/\/blogs.fu-berlin.de\/ideenbar\/wp-json\/wp\/v2\/posts\/5226\/revisions"}],"predecessor-version":[{"id":5249,"href":"https:\/\/blogs.fu-berlin.de\/ideenbar\/wp-json\/wp\/v2\/posts\/5226\/revisions\/5249"}],"wp:attachment":[{"href":"https:\/\/blogs.fu-berlin.de\/ideenbar\/wp-json\/wp\/v2\/media?parent=5226"}],"wp:term":[{"taxonomy":"category","embeddable":true,"href":"https:\/\/blogs.fu-berlin.de\/ideenbar\/wp-json\/wp\/v2\/categories?post=5226"},{"taxonomy":"post_tag","embeddable":true,"href":"https:\/\/blogs.fu-berlin.de\/ideenbar\/wp-json\/wp\/v2\/tags?post=5226"}],"curies":[{"name":"wp","href":"https:\/\/api.w.org\/{rel}","templated":true}]}}