{"id":5295,"date":"2016-09-01T09:45:06","date_gmt":"2016-09-01T07:45:06","guid":{"rendered":"https:\/\/blogs.fu-berlin.de\/ideenbar\/?p=5295"},"modified":"2016-09-02T08:57:00","modified_gmt":"2016-09-02T06:57:00","slug":"impressionen-von-der-gmw16","status":"publish","type":"post","link":"https:\/\/blogs.fu-berlin.de\/ideenbar\/2016\/09\/01\/impressionen-von-der-gmw16\/","title":{"rendered":"Impressionen von der #gmw16"},"content":{"rendered":"<p><em>Digitale Medien: Zusammenarbeit in der Bildung<\/em> ist das Thema der\u00a024. Jahrestagung der Gesellschaft f\u00fcr Medien in der Wissenschaft, die vom 29. August bis 1. September 2016 an der Universit\u00e4t Innsbruck stattfindet.<\/p>\n<p>Wer nicht vor Ort dabei ist, kann sich via Hashtag <a href=\"https:\/\/twitter.com\/search?q=%23gmw16&amp;src=typd\">#gmw16<\/a>\u00a0bei Twitter informieren und\u00a0mit den Konferenzbesucher*innen in Innsbruck in den Dialog\u00a0treten. Genau darum geht es bei der Konferenz, dass Kommunikation und Kollaboration durch digitale Medien zur\u00a0zeitgem\u00e4\u00dfen Bildung dazu geh\u00f6ren, sei es zwischen Studierenden, Lehrenden und Studierenden oder zwischen Bildungseinrichtungen etc.<\/p>\n<p>In diesem Sinne habe ich von Berlin aus den Twitterstream verfolgt und mich besonders \u00fcber eine\u00a0<em>Performance<\/em> von\u00a0Martin Ebner, Anja Lorenz, Sandra Sch\u00f6n und Andreas Wittke, die \u00fcber &#8222;Offene Lizenzen als Treiber f\u00fcr neuartige Kooperationen und Innovationen in der Bildung&#8220; referiert haben, gefreut. Nicht nur weil das Thema interessant ist, sondern weil mir der kombinierte Einsatz von\u00a0Twitter, Slideshare und Periscope\u00a0gut gefallen hat. Via\u00a0<a href=\"https:\/\/www.periscope.tv\/w\/1rmGPRBnpqgxN\">Periscope konnte ich mit Bild und Ton an dem Gallery Walk\u00a0vor Ort mit\u00a0Andreas Wittke<\/a> teilnehmen, \u00fcber\u00a0<a href=\"https:\/\/www.slideshare.net\/mebner\/offene-lizenzen-als-treiber-fur-neuartige-kooperationen-und-innovationen-in-der-bildung\">Slideshare\u00a0bei Martin Ebner das dazugeh\u00f6rige Poster ansehen<\/a>. Zum Nachlesen gibt es den <a href=\"https:\/\/2016.gmw-online.de\/056\/\">Text im Tagungsband online<\/a>, der kommentiert werden kann.<\/p>\n<p>&nbsp;<\/p>\n<p><iframe loading=\"lazy\" src=\"https:\/\/www.slideshare.net\/slideshow\/embed_code\/key\/ukkrKguvAz4NDe\" width=\"479\" height=\"511\" frameborder=\"0\" marginwidth=\"0\" marginheight=\"0\" scrolling=\"no\" style=\"border:1px solid #CCC; border-width:1px; margin-bottom:5px; max-width: 100%;\" allowfullscreen> <\/iframe><\/p>\n","protected":false},"excerpt":{"rendered":"<p>Digitale Medien: Zusammenarbeit in der Bildung ist das Thema der\u00a024. Jahrestagung der Gesellschaft f\u00fcr Medien in der Wissenschaft, die vom 29. August bis 1. September 2016 an der Universit\u00e4t Innsbruck stattfindet. Wer nicht vor Ort dabei ist, kann sich via Hashtag #gmw16\u00a0bei Twitter informieren und\u00a0mit den Konferenzbesucher*innen in Innsbruck in den Dialog\u00a0treten. Genau darum geht &hellip; <a href=\"https:\/\/blogs.fu-berlin.de\/ideenbar\/2016\/09\/01\/impressionen-von-der-gmw16\/\" class=\"more-link\"><span class=\"screen-reader-text\">\u201eImpressionen von der #gmw16\u201c<\/span> weiterlesen<\/a><\/p>\n","protected":false},"author":93,"featured_media":0,"comment_status":"open","ping_status":"open","sticky":false,"template":"","format":"standard","meta":{"footnotes":""},"categories":[9],"tags":[1979,2229,46937],"class_list":["post-5295","post","type-post","status-publish","format-standard","hentry","category-allgemein","tag-gmw","tag-oer","tag-zusammenarbeit"],"_links":{"self":[{"href":"https:\/\/blogs.fu-berlin.de\/ideenbar\/wp-json\/wp\/v2\/posts\/5295","targetHints":{"allow":["GET"]}}],"collection":[{"href":"https:\/\/blogs.fu-berlin.de\/ideenbar\/wp-json\/wp\/v2\/posts"}],"about":[{"href":"https:\/\/blogs.fu-berlin.de\/ideenbar\/wp-json\/wp\/v2\/types\/post"}],"author":[{"embeddable":true,"href":"https:\/\/blogs.fu-berlin.de\/ideenbar\/wp-json\/wp\/v2\/users\/93"}],"replies":[{"embeddable":true,"href":"https:\/\/blogs.fu-berlin.de\/ideenbar\/wp-json\/wp\/v2\/comments?post=5295"}],"version-history":[{"count":9,"href":"https:\/\/blogs.fu-berlin.de\/ideenbar\/wp-json\/wp\/v2\/posts\/5295\/revisions"}],"predecessor-version":[{"id":5322,"href":"https:\/\/blogs.fu-berlin.de\/ideenbar\/wp-json\/wp\/v2\/posts\/5295\/revisions\/5322"}],"wp:attachment":[{"href":"https:\/\/blogs.fu-berlin.de\/ideenbar\/wp-json\/wp\/v2\/media?parent=5295"}],"wp:term":[{"taxonomy":"category","embeddable":true,"href":"https:\/\/blogs.fu-berlin.de\/ideenbar\/wp-json\/wp\/v2\/categories?post=5295"},{"taxonomy":"post_tag","embeddable":true,"href":"https:\/\/blogs.fu-berlin.de\/ideenbar\/wp-json\/wp\/v2\/tags?post=5295"}],"curies":[{"name":"wp","href":"https:\/\/api.w.org\/{rel}","templated":true}]}}