{"id":5409,"date":"2016-09-12T14:49:02","date_gmt":"2016-09-12T12:49:02","guid":{"rendered":"https:\/\/blogs.fu-berlin.de\/ideenbar\/?p=5409"},"modified":"2016-09-12T14:49:02","modified_gmt":"2016-09-12T12:49:02","slug":"icmchatde-heute-flipped-classroom-austria","status":"publish","type":"post","link":"https:\/\/blogs.fu-berlin.de\/ideenbar\/2016\/09\/12\/icmchatde-heute-flipped-classroom-austria\/","title":{"rendered":"icmchatde &#8211; Heute Flipped Classroom Austria"},"content":{"rendered":"<p>Der umgedrehte Unterricht erfreut sich auch bei Lehrkr\u00e4ften an \u00d6sterreichs Schulen immer gr\u00f6\u00dferer Beliebtheit. Um allen Flipped Classroom -Enthusiasten, -Begeisterten und \u2013Interessierten eine Plattform f\u00fcr den gegenseitigen Austausch zu bieten, wurde von Stefan Schmid und Josef Buchner das Netzwerk <a href=\"https:\/\/www.flipped-classroom-austria.at\">FLIPPED-CLASSROOM-AUSTRIA.AT<\/a> gegr\u00fcndet. Lehrerinnen und Lehrer k\u00f6nnen dort ihre Materialien pr\u00e4sentieren und sich Tipps und Tricks f\u00fcr die eigene Umsetzung abholen.<\/p>\n<div id=\"attachment_484\" class=\"wp-caption alignleft\">\n<figure id=\"attachment_484\" aria-describedby=\"caption-attachment-484\" style=\"width: 300px\" class=\"wp-caption alignleft\"><a href=\"https:\/\/blogs.fu-berlin.de\/icmchatde\/files\/2015\/04\/flipped-philosophy-class.png\"><img loading=\"lazy\" decoding=\"async\" class=\"wp-image-484 size-medium\" src=\"https:\/\/blogs.fu-berlin.de\/icmchatde\/files\/2015\/04\/flipped-philosophy-class-300x191.png\" alt=\"flipped philosophy class\" width=\"300\" height=\"191\" \/><\/a><figcaption id=\"caption-attachment-484\" class=\"wp-caption-text\">Screenshot aus dem Intro der Flipped Philosophy Class Videos mit VideoScribe erstellt.<\/figcaption><\/figure>\n<p>Neben diesem Netzwerk werden in der Keynote auch die bereits durchgef\u00fchrten Projekte <a href=\"https:\/\/www.youtube.com\/channel\/UCX-rN8GX2TfSvkvxrt3ytWQ\">\u201eFlipped History Class\u201c<\/a> und <a href=\"https:\/\/www.youtube.com\/playlist?list=PLOoVn1Vo5y5Jz8y6D_fodvHrSN6BcqwYj\">\u201eFlipped Philosophy Class\u201c<\/a> vorgestellt. Durch die in den Lehrpl\u00e4nen verankerte Kompetenzorientierung in allen F\u00e4chern, m\u00fcssen sich P\u00e4dagoginnen und P\u00e4dagogen mit innovativen didaktischen Konzepten auseinandersetzen, um den Anforderungen an diesen \u201eneuen\u201c Unterricht gerecht zu werden.<\/p>\n<\/div>\n<p><!--more--><\/p>\n<p>Im Geschichtsunterricht wurde durch die Auslagerung der Informationsvermittlung mehr Zeit f\u00fcr die Entwicklung der historischen und politischen Kompetenzen geschaffen. Als Beispiel soll hier die Analyse von Wahlplakaten aus den drei\u00dfiger Jahren und deren Vergleich mit aktuellen Plakaten der Wien Wahl 2015 genannt werden. Einen Schritt weiter versucht die \u201eFlipped Philosophy Class\u201c zu gehen. Sch\u00fclerinnen und Sch\u00fcler produzieren ihre eigenen Lernvideos und portr\u00e4tieren wichtige Pers\u00f6nlichkeiten der Philosophiegeschichte. Im Unterricht entsteht dadurch mehr Zeit f\u00fcr eine intensive Auseinandersetzung mit klassischen philosophischen Texten und die eigentlichen T\u00e4tigkeiten von Philosophinnen und Philosophen: Diskutieren, Argumentieren, PHILOSOPHIEREN!<\/p>\n<p>Josef Buchner zeigt Ihnen in seiner Pr\u00e4sentation sehr gerne die Ergebnisse dieser Projekte und gibt einen Vorgeschmack auf zuk\u00fcnftige Vorhaben.<\/p>\n<p><a class=\"fancybox image\" href=\"https:\/\/blogs.fu-berlin.de\/icmchatde\/files\/2016\/09\/josef-Buchner.jpg\"><img loading=\"lazy\" decoding=\"async\" class=\"size-thumbnail wp-image-493 alignnone\" src=\"https:\/\/blogs.fu-berlin.de\/icmchatde\/files\/2016\/09\/josef-Buchner-150x150.jpg\" alt=\"josef Buchner\" width=\"150\" height=\"150\" \/><\/a><\/p>\n<p><strong>Referent: <span class=\"author-p-131876\">Joe Buchner<\/span><\/strong><\/p>\n<div class=\"\">\n<h4><strong>Montag, <span class=\"author-p-131876\">12. September\u00a0<\/span> 17.30 \u2013 18.15 Uhr<\/strong><\/h4>\n<p>Hier geht es zum Online-Raum: <a href=\"https:\/\/webconf.vc.dfn.de\/icm_nutzertreffen\/\" target=\"_blank\">https:\/\/webconf.vc.dfn.de\/icm_nutzertreffen\/<\/a><\/p>\n<\/div>\n","protected":false},"excerpt":{"rendered":"<p>Der umgedrehte Unterricht erfreut sich auch bei Lehrkr\u00e4ften an \u00d6sterreichs Schulen immer gr\u00f6\u00dferer Beliebtheit. Um allen Flipped Classroom -Enthusiasten, -Begeisterten und \u2013Interessierten eine Plattform f\u00fcr den gegenseitigen Austausch zu bieten, wurde von Stefan Schmid und Josef Buchner das Netzwerk FLIPPED-CLASSROOM-AUSTRIA.AT gegr\u00fcndet. Lehrerinnen und Lehrer k\u00f6nnen dort ihre Materialien pr\u00e4sentieren und sich Tipps und Tricks f\u00fcr &hellip; <a href=\"https:\/\/blogs.fu-berlin.de\/ideenbar\/2016\/09\/12\/icmchatde-heute-flipped-classroom-austria\/\" class=\"more-link\"><span class=\"screen-reader-text\">\u201eicmchatde &#8211; Heute Flipped Classroom Austria\u201c<\/span> weiterlesen<\/a><\/p>\n","protected":false},"author":1248,"featured_media":0,"comment_status":"open","ping_status":"open","sticky":false,"template":"","format":"standard","meta":{"footnotes":""},"categories":[9],"tags":[46978,42328],"class_list":["post-5409","post","type-post","status-publish","format-standard","hentry","category-allgemein","tag-flipped-class","tag-icm"],"_links":{"self":[{"href":"https:\/\/blogs.fu-berlin.de\/ideenbar\/wp-json\/wp\/v2\/posts\/5409","targetHints":{"allow":["GET"]}}],"collection":[{"href":"https:\/\/blogs.fu-berlin.de\/ideenbar\/wp-json\/wp\/v2\/posts"}],"about":[{"href":"https:\/\/blogs.fu-berlin.de\/ideenbar\/wp-json\/wp\/v2\/types\/post"}],"author":[{"embeddable":true,"href":"https:\/\/blogs.fu-berlin.de\/ideenbar\/wp-json\/wp\/v2\/users\/1248"}],"replies":[{"embeddable":true,"href":"https:\/\/blogs.fu-berlin.de\/ideenbar\/wp-json\/wp\/v2\/comments?post=5409"}],"version-history":[{"count":8,"href":"https:\/\/blogs.fu-berlin.de\/ideenbar\/wp-json\/wp\/v2\/posts\/5409\/revisions"}],"predecessor-version":[{"id":5418,"href":"https:\/\/blogs.fu-berlin.de\/ideenbar\/wp-json\/wp\/v2\/posts\/5409\/revisions\/5418"}],"wp:attachment":[{"href":"https:\/\/blogs.fu-berlin.de\/ideenbar\/wp-json\/wp\/v2\/media?parent=5409"}],"wp:term":[{"taxonomy":"category","embeddable":true,"href":"https:\/\/blogs.fu-berlin.de\/ideenbar\/wp-json\/wp\/v2\/categories?post=5409"},{"taxonomy":"post_tag","embeddable":true,"href":"https:\/\/blogs.fu-berlin.de\/ideenbar\/wp-json\/wp\/v2\/tags?post=5409"}],"curies":[{"name":"wp","href":"https:\/\/api.w.org\/{rel}","templated":true}]}}