{"id":5570,"date":"2016-10-20T13:58:36","date_gmt":"2016-10-20T11:58:36","guid":{"rendered":"https:\/\/blogs.fu-berlin.de\/ideenbar\/?p=5570"},"modified":"2016-10-20T13:58:36","modified_gmt":"2016-10-20T11:58:36","slug":"ausstellung-zur-open-access-week-2016-open-in-action-in-berlin-brandenburg","status":"publish","type":"post","link":"https:\/\/blogs.fu-berlin.de\/ideenbar\/2016\/10\/20\/ausstellung-zur-open-access-week-2016-open-in-action-in-berlin-brandenburg\/","title":{"rendered":"Ausstellung zur Open Access Week 2016 \u201eOPEN IN ACTION\u201c in Berlin-Brandenburg"},"content":{"rendered":"<div class=\"editor-content \">\n<p><a href=\"https:\/\/blogs.fu-berlin.de\/ideenbar\/files\/2016\/10\/RS37_A0_OpenAccess-Week-2016_CMYK-scr.jpg\"><img loading=\"lazy\" decoding=\"async\" class=\"alignright size-medium wp-image-5572\" src=\"https:\/\/blogs.fu-berlin.de\/ideenbar\/files\/2016\/10\/RS37_A0_OpenAccess-Week-2016_CMYK-scr-212x300.jpg\" alt=\"Open Access Week\" width=\"212\" height=\"300\" srcset=\"https:\/\/blogs.fu-berlin.de\/ideenbar\/files\/2016\/10\/RS37_A0_OpenAccess-Week-2016_CMYK-scr-212x300.jpg 212w, https:\/\/blogs.fu-berlin.de\/ideenbar\/files\/2016\/10\/RS37_A0_OpenAccess-Week-2016_CMYK-scr.jpg 566w\" sizes=\"auto, (max-width: 212px) 85vw, 212px\" \/><\/a>Anl\u00e4sslich der Open Access Week 2016 vom <strong>24.10. bis 28.10.2016<\/strong> zum Thema &#8222;<em>Open in Action<\/em>&#8220; haben Kollegen\/innen\u00a0 der FU und Kolleg\/innen von HU und TU zwei Aktionen organisiert: Eine Posterausstellung und ein Podiumsgespr\u00e4ch mit Gegelegenheit zum Netzwerken und Austauschen:<\/p>\n<h2>Ausstellung<\/h2>\n<p>Die Posterausstellung wird an drei Standorten in Berlin statt. Gezeigt werden Poster \u00fcber Open-Access-Projekte von wissenschaftlichen Einrichtungen aus der Region Berlin-Brandenburg. Die Ausstellung ist eine Kooperation der Freien Universit\u00e4t Berlin, der Humboldt-Universit\u00e4t zu Berlin und der Technischen Universit\u00e4t Berlin und wird an allen drei Standorten gezeigt.<\/p>\n<p>Der Eintritt ist frei. Schauen Sie vorbei und verschaffen Sie sich einen \u00dcberblick \u00fcber die Open-Access-Aktivit\u00e4ten der Region Berlin-Brandenburg!<\/p>\n<p><strong>Freie Universit\u00e4t: <\/strong>Silberlaube, Habelschwerdter Allee 45, 14195 Berlin, Foyer vor dem H\u00f6rsaal 1b (KL-29)<\/p>\n<p><strong>Technische Universit\u00e4t:<\/strong> Universit\u00e4tsbibliothek, Fasanenstra\u00dfe 88, 10623 Berlin<\/p>\n<p><strong>Humboldt-Universit\u00e4t:<\/strong> Jacob-und-Wilhelm-Grimm-Zentrum, Geschwister-Scholl-Stra\u00dfe 1\/3, 10117 Berlin<\/p>\n<h2>Begleitveranstaltung: <em>Open in Action &#8211; Praxisperspektiven<\/em><\/h2>\n<p>Am Mittwoch, 26.10. sind interessierte Open-Access-Akteure eingeladen, sich zu einem offenen Gespr\u00e4ch \u00fcber Open Access in Berlin und Brandenburg zu treffen. Er\u00f6ffnet wird der Abend durch ein Podiumsgespr\u00e4ch mit Vera Meyer (TU Berlin), Sebastian Nordhoff (Language Science Press) und Heinz Pampel (Helmholtz-Gemeinschaft), moderiert von Christina Riesenweber (FU Berlin). Danach gibt es Gelegenheit zum Austausch und Vernetzen bei Getr\u00e4nken.<\/p>\n<p><strong>Wann:<\/strong> Mittwoch, 26.10., 19h<br \/>\n<strong>Wo:<\/strong> Wikimedia Deutschland e.V., Tempelhofer Ufer 23-24, 10963 Berlin<\/p>\n<p>Die Veranstaltung ist \u00f6ffentlich und kostenfrei, bei Interesse wird um eine Anmeldung unter <a>open-access@fu-berlin.de gebeten<\/a>, da die Anzahl der verf\u00fcgbaren Pl\u00e4tze begrenzt ist.<\/p>\n<\/div>\n","protected":false},"excerpt":{"rendered":"<p>Anl\u00e4sslich der Open Access Week 2016 vom 24.10. bis 28.10.2016 zum Thema &#8222;Open in Action&#8220; haben Kollegen\/innen\u00a0 der FU und Kolleg\/innen von HU und TU zwei Aktionen organisiert: Eine Posterausstellung und ein Podiumsgespr\u00e4ch mit Gegelegenheit zum Netzwerken und Austauschen: Ausstellung Die Posterausstellung wird an drei Standorten in Berlin statt. Gezeigt werden Poster \u00fcber Open-Access-Projekte von &hellip; <a href=\"https:\/\/blogs.fu-berlin.de\/ideenbar\/2016\/10\/20\/ausstellung-zur-open-access-week-2016-open-in-action-in-berlin-brandenburg\/\" class=\"more-link\"><span class=\"screen-reader-text\">\u201eAusstellung zur Open Access Week 2016 \u201eOPEN IN ACTION\u201c in Berlin-Brandenburg\u201c<\/span> weiterlesen<\/a><\/p>\n","protected":false},"author":5,"featured_media":0,"comment_status":"open","ping_status":"open","sticky":false,"template":"","format":"standard","meta":{"footnotes":""},"categories":[9],"tags":[552],"class_list":["post-5570","post","type-post","status-publish","format-standard","hentry","category-allgemein","tag-open-access"],"_links":{"self":[{"href":"https:\/\/blogs.fu-berlin.de\/ideenbar\/wp-json\/wp\/v2\/posts\/5570","targetHints":{"allow":["GET"]}}],"collection":[{"href":"https:\/\/blogs.fu-berlin.de\/ideenbar\/wp-json\/wp\/v2\/posts"}],"about":[{"href":"https:\/\/blogs.fu-berlin.de\/ideenbar\/wp-json\/wp\/v2\/types\/post"}],"author":[{"embeddable":true,"href":"https:\/\/blogs.fu-berlin.de\/ideenbar\/wp-json\/wp\/v2\/users\/5"}],"replies":[{"embeddable":true,"href":"https:\/\/blogs.fu-berlin.de\/ideenbar\/wp-json\/wp\/v2\/comments?post=5570"}],"version-history":[{"count":2,"href":"https:\/\/blogs.fu-berlin.de\/ideenbar\/wp-json\/wp\/v2\/posts\/5570\/revisions"}],"predecessor-version":[{"id":5573,"href":"https:\/\/blogs.fu-berlin.de\/ideenbar\/wp-json\/wp\/v2\/posts\/5570\/revisions\/5573"}],"wp:attachment":[{"href":"https:\/\/blogs.fu-berlin.de\/ideenbar\/wp-json\/wp\/v2\/media?parent=5570"}],"wp:term":[{"taxonomy":"category","embeddable":true,"href":"https:\/\/blogs.fu-berlin.de\/ideenbar\/wp-json\/wp\/v2\/categories?post=5570"},{"taxonomy":"post_tag","embeddable":true,"href":"https:\/\/blogs.fu-berlin.de\/ideenbar\/wp-json\/wp\/v2\/tags?post=5570"}],"curies":[{"name":"wp","href":"https:\/\/api.w.org\/{rel}","templated":true}]}}