{"id":5657,"date":"2016-11-08T10:14:29","date_gmt":"2016-11-08T09:14:29","guid":{"rendered":"https:\/\/blogs.fu-berlin.de\/ideenbar\/?p=5657"},"modified":"2016-11-08T10:18:20","modified_gmt":"2016-11-08T09:18:20","slug":"apropos-digitale-analphabeten-wohlstand-der-nation","status":"publish","type":"post","link":"https:\/\/blogs.fu-berlin.de\/ideenbar\/2016\/11\/08\/apropos-digitale-analphabeten-wohlstand-der-nation\/","title":{"rendered":"Apropos digitale Analphabeten &amp; Wohlstand der Nation"},"content":{"rendered":"<p class=\"c-dreifaltigkeit__headline-wrapper\"><span class=\"o-headline c-headline c-dreifaltigkeit__headline \" style=\"color: #99cc00\"><em>Lesetipp!<\/em><\/span><\/p>\n<p class=\"c-dreifaltigkeit__headline-wrapper\"><span class=\"o-headline c-headline c-dreifaltigkeit__headline \">&#8222;<a href=\"https:\/\/www.welt.de\/wirtschaft\/karriere\/bildung\/article159317713\/Deutsche-Schueler-sind-digitale-Analphabeten.html\" target=\"_blank\">Deutsche Sch\u00fcler sind digitale Analphabeten<\/a>&#8220; schreibt <span class=\"c-author\"><span class=\"c-author__name\">Daniel Eckert. Das deutsche Bildungssystem bereitet die Sch\u00fcler und Sch\u00fclerinnen nicht ausreichend auf die digitale Zukunft vor und damit ist der Wohlstand der Nation in Gefahr. Lesen Sie hier den ganzen Beitrag:<\/span><\/span> <\/span><\/p>\n<p class=\"c-dreifaltigkeit__headline-wrapper\"><span style=\"color: #99cc00\">\u25ba<\/span> <a href=\"https:\/\/www.welt.de\/wirtschaft\/karriere\/bildung\/article159317713\/Deutsche-Schueler-sind-digitale-Analphabeten.html\" target=\"_blank\"><span class=\"o-headline c-headline c-dreifaltigkeit__headline \"><span class=\"c-author\"><span class=\"c-author__name\">Daniel Eckert<\/span><\/span><\/span>: Deutsche Sch\u00fcler sind digitale Analphabeten<\/a><\/p>\n","protected":false},"excerpt":{"rendered":"<p>Lesetipp! &#8222;Deutsche Sch\u00fcler sind digitale Analphabeten&#8220; schreibt Daniel Eckert. Das deutsche Bildungssystem bereitet die Sch\u00fcler und Sch\u00fclerinnen nicht ausreichend auf die digitale Zukunft vor und damit ist der Wohlstand der Nation in Gefahr. Lesen Sie hier den ganzen Beitrag: \u25ba Daniel Eckert: Deutsche Sch\u00fcler sind digitale Analphabeten<\/p>\n","protected":false},"author":93,"featured_media":0,"comment_status":"open","ping_status":"open","sticky":false,"template":"","format":"standard","meta":{"footnotes":""},"categories":[9],"tags":[66827,1668],"class_list":["post-5657","post","type-post","status-publish","format-standard","hentry","category-allgemein","tag-digitale-analphabeten","tag-schule"],"_links":{"self":[{"href":"https:\/\/blogs.fu-berlin.de\/ideenbar\/wp-json\/wp\/v2\/posts\/5657","targetHints":{"allow":["GET"]}}],"collection":[{"href":"https:\/\/blogs.fu-berlin.de\/ideenbar\/wp-json\/wp\/v2\/posts"}],"about":[{"href":"https:\/\/blogs.fu-berlin.de\/ideenbar\/wp-json\/wp\/v2\/types\/post"}],"author":[{"embeddable":true,"href":"https:\/\/blogs.fu-berlin.de\/ideenbar\/wp-json\/wp\/v2\/users\/93"}],"replies":[{"embeddable":true,"href":"https:\/\/blogs.fu-berlin.de\/ideenbar\/wp-json\/wp\/v2\/comments?post=5657"}],"version-history":[{"count":4,"href":"https:\/\/blogs.fu-berlin.de\/ideenbar\/wp-json\/wp\/v2\/posts\/5657\/revisions"}],"predecessor-version":[{"id":5661,"href":"https:\/\/blogs.fu-berlin.de\/ideenbar\/wp-json\/wp\/v2\/posts\/5657\/revisions\/5661"}],"wp:attachment":[{"href":"https:\/\/blogs.fu-berlin.de\/ideenbar\/wp-json\/wp\/v2\/media?parent=5657"}],"wp:term":[{"taxonomy":"category","embeddable":true,"href":"https:\/\/blogs.fu-berlin.de\/ideenbar\/wp-json\/wp\/v2\/categories?post=5657"},{"taxonomy":"post_tag","embeddable":true,"href":"https:\/\/blogs.fu-berlin.de\/ideenbar\/wp-json\/wp\/v2\/tags?post=5657"}],"curies":[{"name":"wp","href":"https:\/\/api.w.org\/{rel}","templated":true}]}}