{"id":5874,"date":"2017-03-01T11:24:30","date_gmt":"2017-03-01T10:24:30","guid":{"rendered":"https:\/\/blogs.fu-berlin.de\/ideenbar\/?p=5874"},"modified":"2017-03-21T17:35:17","modified_gmt":"2017-03-21T16:35:17","slug":"blog-im-neuen-gewand","status":"publish","type":"post","link":"https:\/\/blogs.fu-berlin.de\/ideenbar\/2017\/03\/01\/blog-im-neuen-gewand\/","title":{"rendered":"Blog im neuen Gewand"},"content":{"rendered":"<p>Liebe Kolleginnen und Kollegen, Leserinnen und Leser,<\/p>\n<p>&#8222;&#8230;ist denn schon Fr\u00fchling?&#8220;<br \/>\nDas Aussehen der &#8222;ideenbar&#8220; hat sich ver\u00e4ndert. In dieser Woche ist es auf das sogenannte <em>responsive Design<\/em> umgestellt worden. \u201eResponsives Design\u201c bedeutet die Anpassung des gestalterischen Layouts einer Webseite an die Eigenschaften des Endger\u00e4ts, mit dem sie aufgerufen wird. Durch das Update werden die Blogs der Freien Universit\u00e4t also f\u00fcr verschiedene Bildschirmgr\u00f6\u00dfen und -aufl\u00f6sungen optimiert und die Nutzung auf mobilen Ger\u00e4ten, aber auch auf gro\u00dfen Bildschirmen deutlich verbessert.<\/p>\n<p>Fotos und Texte, die bislang auf Smartphones oder Tablets im Blog so klein dargestellt wurden, dass sie kaum lesbar waren, geh\u00f6ren nun der Vergangenheit an. Durch die neue Responsive-Technik wird die Darstellung der &#8222;ideenbar&#8220; automatisch an die verschiedenen Displaygr\u00f6\u00dfen Ihrer Ger\u00e4te angepasst. Je nach verwendetem Endger\u00e4t werden Inhalts-, Bild- und Men\u00fcelemente angepasst und neu angeordnet dargestellt. Vom kleinen Smartphone \u00fcber ein gr\u00f6\u00dferes Tablet bis hin zum Desktop-Bildschirm erscheinen die Inhalte jetzt optimiert, gut lesbar und ansprechend dargestellt.<\/p>\n<p><strong>Probieren Sie es gerne selbst einmal aus und schauen Sie sich die Startseite unseres Blogs mit verschiedenen Ger\u00e4ten an!<\/strong><\/p>\n<p>Wir w\u00fcnschen Ihnen weiterhin viel Freude beim Lesen unseres \u201eneuen\u201c Blogs!<\/p>\n","protected":false},"excerpt":{"rendered":"<p>Liebe Kolleginnen und Kollegen, Leserinnen und Leser, &#8222;&#8230;ist denn schon Fr\u00fchling?&#8220; Das Aussehen der &#8222;ideenbar&#8220; hat sich ver\u00e4ndert. In dieser Woche ist es auf das sogenannte responsive Design umgestellt worden. \u201eResponsives Design\u201c bedeutet die Anpassung des gestalterischen Layouts einer Webseite an die Eigenschaften des Endger\u00e4ts, mit dem sie aufgerufen wird. Durch das Update werden die &hellip; <a href=\"https:\/\/blogs.fu-berlin.de\/ideenbar\/2017\/03\/01\/blog-im-neuen-gewand\/\" class=\"more-link\"><span class=\"screen-reader-text\">\u201eBlog im neuen Gewand\u201c<\/span> weiterlesen<\/a><\/p>\n","protected":false},"author":5,"featured_media":0,"comment_status":"open","ping_status":"open","sticky":false,"template":"","format":"standard","meta":{"footnotes":""},"categories":[9],"tags":[46840],"class_list":["post-5874","post","type-post","status-publish","format-standard","hentry","category-allgemein","tag-kurzmitteilung"],"_links":{"self":[{"href":"https:\/\/blogs.fu-berlin.de\/ideenbar\/wp-json\/wp\/v2\/posts\/5874","targetHints":{"allow":["GET"]}}],"collection":[{"href":"https:\/\/blogs.fu-berlin.de\/ideenbar\/wp-json\/wp\/v2\/posts"}],"about":[{"href":"https:\/\/blogs.fu-berlin.de\/ideenbar\/wp-json\/wp\/v2\/types\/post"}],"author":[{"embeddable":true,"href":"https:\/\/blogs.fu-berlin.de\/ideenbar\/wp-json\/wp\/v2\/users\/5"}],"replies":[{"embeddable":true,"href":"https:\/\/blogs.fu-berlin.de\/ideenbar\/wp-json\/wp\/v2\/comments?post=5874"}],"version-history":[{"count":3,"href":"https:\/\/blogs.fu-berlin.de\/ideenbar\/wp-json\/wp\/v2\/posts\/5874\/revisions"}],"predecessor-version":[{"id":5877,"href":"https:\/\/blogs.fu-berlin.de\/ideenbar\/wp-json\/wp\/v2\/posts\/5874\/revisions\/5877"}],"wp:attachment":[{"href":"https:\/\/blogs.fu-berlin.de\/ideenbar\/wp-json\/wp\/v2\/media?parent=5874"}],"wp:term":[{"taxonomy":"category","embeddable":true,"href":"https:\/\/blogs.fu-berlin.de\/ideenbar\/wp-json\/wp\/v2\/categories?post=5874"},{"taxonomy":"post_tag","embeddable":true,"href":"https:\/\/blogs.fu-berlin.de\/ideenbar\/wp-json\/wp\/v2\/tags?post=5874"}],"curies":[{"name":"wp","href":"https:\/\/api.w.org\/{rel}","templated":true}]}}