{"id":5901,"date":"2017-04-18T10:03:40","date_gmt":"2017-04-18T08:03:40","guid":{"rendered":"https:\/\/blogs.fu-berlin.de\/ideenbar\/?p=5901"},"modified":"2017-04-18T10:03:40","modified_gmt":"2017-04-18T08:03:40","slug":"veranstaltungstipp-presse-und-oeffentlichkeitsarbeit-im-netz","status":"publish","type":"post","link":"https:\/\/blogs.fu-berlin.de\/ideenbar\/2017\/04\/18\/veranstaltungstipp-presse-und-oeffentlichkeitsarbeit-im-netz\/","title":{"rendered":"Veranstaltungstipp: Presse- und \u00d6ffentlichkeitsarbeit im Netz"},"content":{"rendered":"<p>Am 26.4.2017 findet in der Zeit von 10-12.30 Uhr die Informationsveranstaltung zum Einsatz sozialer Medien f\u00fcr Presse- und \u00d6ffentlichkeitsarbeit an der Freien Universit\u00e4t Berlin statt. Die Teilnehmerinnen und Teilnehmer informieren sich zun\u00e4chst \u00fcber die diesbez\u00fcglichen M\u00f6glichkeiten des zentralen Content Management Systems, der Blogs und Wikis der FU und diskutierten deren Potenziale und Grenzen f\u00fcr die \u00d6ffentlichkeitsarbeit.<\/p>\n<p>In einer weiteren <a href=\"https:\/\/www.cedis.fu-berlin.de\/e-learning\/fortbildung\/workshops\/vernetzung\/Online-Kommunikation_Presse2017_05_03.html\">Veranstaltung am 03.05.2017<\/a> werden dar\u00fcber hinaus die M\u00f6glichkeiten von Facebook, Twitter &amp; Co im Rahmen von \u00d6ffentlichkeitsarbeit diskutiert.<\/p>\n<p>CeDiS bietet diese Veranstaltung in Kooperation mit der <a href=\"https:\/\/www.fu-berlin.de\/einrichtungen\/organe\/praesidium\/pressestelle\/\">Zentralen Online Redaktion der Freien Universit\u00e4t Berlin<\/a> an.<\/p>\n<p>=&gt; <a href=\"https:\/\/www.cedis.fu-berlin.de\/e-learning\/fortbildung\/workshops\/vernetzung\/Online-Kommunikation_Presse2017_04_26.html\">Zur Anmeldung<\/a> (26.4.2017)<\/p>\n","protected":false},"excerpt":{"rendered":"<p>Am 26.4.2017 findet in der Zeit von 10-12.30 Uhr die Informationsveranstaltung zum Einsatz sozialer Medien f\u00fcr Presse- und \u00d6ffentlichkeitsarbeit an der Freien Universit\u00e4t Berlin statt. Die Teilnehmerinnen und Teilnehmer informieren sich zun\u00e4chst \u00fcber die diesbez\u00fcglichen M\u00f6glichkeiten des zentralen Content Management Systems, der Blogs und Wikis der FU und diskutierten deren Potenziale und Grenzen f\u00fcr die &hellip; <a href=\"https:\/\/blogs.fu-berlin.de\/ideenbar\/2017\/04\/18\/veranstaltungstipp-presse-und-oeffentlichkeitsarbeit-im-netz\/\" class=\"more-link\"><span class=\"screen-reader-text\">\u201eVeranstaltungstipp: Presse- und \u00d6ffentlichkeitsarbeit im Netz\u201c<\/span> weiterlesen<\/a><\/p>\n","protected":false},"author":5,"featured_media":0,"comment_status":"open","ping_status":"open","sticky":false,"template":"","format":"standard","meta":{"footnotes":""},"categories":[522],"tags":[43494,980],"class_list":["post-5901","post","type-post","status-publish","format-standard","hentry","category-fortbildung","tag-fortbildungen","tag-social-media"],"_links":{"self":[{"href":"https:\/\/blogs.fu-berlin.de\/ideenbar\/wp-json\/wp\/v2\/posts\/5901","targetHints":{"allow":["GET"]}}],"collection":[{"href":"https:\/\/blogs.fu-berlin.de\/ideenbar\/wp-json\/wp\/v2\/posts"}],"about":[{"href":"https:\/\/blogs.fu-berlin.de\/ideenbar\/wp-json\/wp\/v2\/types\/post"}],"author":[{"embeddable":true,"href":"https:\/\/blogs.fu-berlin.de\/ideenbar\/wp-json\/wp\/v2\/users\/5"}],"replies":[{"embeddable":true,"href":"https:\/\/blogs.fu-berlin.de\/ideenbar\/wp-json\/wp\/v2\/comments?post=5901"}],"version-history":[{"count":1,"href":"https:\/\/blogs.fu-berlin.de\/ideenbar\/wp-json\/wp\/v2\/posts\/5901\/revisions"}],"predecessor-version":[{"id":5902,"href":"https:\/\/blogs.fu-berlin.de\/ideenbar\/wp-json\/wp\/v2\/posts\/5901\/revisions\/5902"}],"wp:attachment":[{"href":"https:\/\/blogs.fu-berlin.de\/ideenbar\/wp-json\/wp\/v2\/media?parent=5901"}],"wp:term":[{"taxonomy":"category","embeddable":true,"href":"https:\/\/blogs.fu-berlin.de\/ideenbar\/wp-json\/wp\/v2\/categories?post=5901"},{"taxonomy":"post_tag","embeddable":true,"href":"https:\/\/blogs.fu-berlin.de\/ideenbar\/wp-json\/wp\/v2\/tags?post=5901"}],"curies":[{"name":"wp","href":"https:\/\/api.w.org\/{rel}","templated":true}]}}