{"id":6045,"date":"2018-06-18T10:18:16","date_gmt":"2018-06-18T08:18:16","guid":{"rendered":"https:\/\/blogs.fu-berlin.de\/ideenbar\/?p=6045"},"modified":"2018-06-18T10:18:16","modified_gmt":"2018-06-18T08:18:16","slug":"freie-universitaet-laedt-zur-international-week-2018-ein","status":"publish","type":"post","link":"https:\/\/blogs.fu-berlin.de\/ideenbar\/2018\/06\/18\/freie-universitaet-laedt-zur-international-week-2018-ein\/","title":{"rendered":"Freie Universit\u00e4t l\u00e4dt zur International Week 2018 ein"},"content":{"rendered":"<div class=\"debug page\">\n<div class=\"content-wrapper main horizontal-bg-container-main\" dir=\"ltr\">\n<div class=\"container\">\n<div class=\"row\">\n<div class=\"col-m-7 print-full-width\">\n<div class=\"fub-content fub-fu_news_dok\">\n<div class=\"box box-news-doc\">\n<div class=\"icaption-left-container-s1\">\n<figure class=\"icaption-left-s1\">\n<div class=\"icaption-image\"><span style=\"font-size: 19px;font-style: italic;font-weight: 900\">Freie Universit\u00e4t Berlin: International Week 2018<\/span><\/div>\n<\/figure>\n<\/div>\n<div class=\"editor-content box-news-doc-abstract\">\n<p>Vortrag: Online Vorbereitung und Betreuung mit Distributed Campus<\/p>\n<\/div>\n<\/div>\n<\/div>\n<p class=\"box-news-doc-date\"><a href=\"https:\/\/blogs.fu-berlin.de\/ideenbar\/2018\/06\/18\/freie-universitaet-laedt-zur-international-week-2018-ein\/int_week_fu_bild\/\" rel=\"attachment wp-att-6046\"><img loading=\"lazy\" decoding=\"async\" class=\"alignleft size-medium wp-image-6046\" src=\"https:\/\/blogs.fu-berlin.de\/ideenbar\/files\/2018\/06\/Int_Week_FU_Bild-300x223.png\" alt=\"\" width=\"300\" height=\"223\" srcset=\"https:\/\/blogs.fu-berlin.de\/ideenbar\/files\/2018\/06\/Int_Week_FU_Bild-300x223.png 300w, https:\/\/blogs.fu-berlin.de\/ideenbar\/files\/2018\/06\/Int_Week_FU_Bild-768x571.png 768w, https:\/\/blogs.fu-berlin.de\/ideenbar\/files\/2018\/06\/Int_Week_FU_Bild.png 930w\" sizes=\"auto, (max-width: 300px) 85vw, 300px\" \/><\/a><\/p>\n<div class=\"fub-content fub-fu_news_dok\">\n<div class=\"box box-news-doc\">\n<div class=\"editor-content \">\n<p title=\"International Week 2015\">Auch in diesem Jahr organisiert das <a href=\"https:\/\/www.fu-berlin.de\/einrichtungen\/organe\/strategische-zentren\/center_for_international_cooperation\/index.html\" target=\"_blank\" rel=\"noopener\">Center for International Cooperation<\/a> (CIC) der Freien Universit\u00e4t Berlin eine\u00a0 Woche lang unter dem Motto &#8222;Explore the world with us&#8220; ein vielf\u00e4ltiges Programm mit verschiedenen Akteuren der Internationalisierung an der FU im Rahmen der International Week 2018.<\/p>\n<p title=\"International Week 2015\">Vom 25. bis zum 29. Juni 2018 widmet sich die diesj\u00e4hrige <a title=\"International Week\" href=\"http:\/\/www.fu-berlin.de\/sites\/internationalweek\/index.html\" target=\"_blank\" rel=\"noopener\">International Week<\/a> Fragestellungen wie: Was bedeutet \u201eInternationalisierung\u201c f\u00fcr die Freie Universit\u00e4t? Wie baue ich eine Kooperation mit internationalen Einrichtungen auf? Welche M\u00f6glichkeiten f\u00fcr Auslandsaufenthalte gibt es f\u00fcr Studierende, Wissenschaftler\/innen und Sonstige Mitarbeiter\/innen?<\/p>\n<p>Am zweiten Veranstaltungstag, dem <strong>Dienstag, 26. Juni von 14:00 &#8211; 14:30<\/strong> (Seminarzentrum in der Silberlaube, Otto-von-Simson-Str. 26, Raum L116) wird die <strong>Online Coaching Plattform<\/strong><a title=\"Distributed Campus\" href=\"https:\/\/distributed-campus.org\/dc-root\/\" target=\"_blank\" rel=\"noopener\">Distributed Campus<\/a> (DC) vorgestellt, siehe <a title=\"Open DC\" href=\"http:\/\/opendc.distributed-campus.org\/\" target=\"_blank\" rel=\"noopener\">Open DC Webpr\u00e4senz<\/a>. Die vom <a title=\"CeDiS\" href=\"http:\/\/www.cedis.fu-berlin.de\/\" target=\"_blank\" rel=\"noopener\">Center f\u00fcr Digitale Systeme<\/a> (CeDiS) entwickelte Portalumgebung dient der online Vorbereitung, Begleitung und Betreuung internationaler Studierender und Wissenschaftlerinnen und Wissenschafter an der Freien Universit\u00e4t. Distributed Campus wird zusammen mit den vielf\u00e4ltigen Initiativen und Strategien unserer Universit\u00e4t im Bereich Internationalisierung, internationale Kooperationen und F\u00f6rderprogrammen pr\u00e4sentiert.<br \/>\nDiese Veranstaltung richtet sich an Wissenschaftlerinnen und Wissenschaftler sowie an Kolleginnen und Kollegen an den Fachbereichen, die mit Internationalisierung betraut sind.<\/p>\n<p>F\u00fcr dieselbe Zielgruppe finden im Anschluss thematisch passend in die Thematik &#8222;Internationalisierung und Digitalisierung&#8220; die folgenden beiden Vortr\u00e4ge statt:<\/p>\n<ul>\n<li><strong>14:30 &#8211; 15:00<\/strong>: Online Lehre mit internationalen Studierenden und Lehrenden &#8211; der Onlie Master Intellectual Encounters of the Islamicate World<\/li>\n<li><strong>15:00 &#8211; 15:30<\/strong>: Online Lehrszenarien &#8211; Praxisbeispiele und CeDiS-Services.<\/li>\n<\/ul>\n<p>Wir freuen uns auf Ihre Teilnahme!<\/p>\n<p>Gerne k\u00f6nnen Sie uns bei Fragen direkt kontaktieren: <a href=\"http:\/\/opendc.distributed-campus.org\/mitarbeiter\/kvkoeckritz\/index.html\">Distributed Campus Kontakt<\/a><\/p>\n<\/div>\n<\/div>\n<\/div>\n<\/div>\n<\/div>\n<\/div>\n<\/div>\n<\/div>\n","protected":false},"excerpt":{"rendered":"<p>Freie Universit\u00e4t Berlin: International Week 2018 Vortrag: Online Vorbereitung und Betreuung mit Distributed Campus Auch in diesem Jahr organisiert das Center for International Cooperation (CIC) der Freien Universit\u00e4t Berlin eine\u00a0 Woche lang unter dem Motto &#8222;Explore the world with us&#8220; ein vielf\u00e4ltiges Programm mit verschiedenen Akteuren der Internationalisierung an der FU im Rahmen der International &hellip; <a href=\"https:\/\/blogs.fu-berlin.de\/ideenbar\/2018\/06\/18\/freie-universitaet-laedt-zur-international-week-2018-ein\/\" class=\"more-link\"><span class=\"screen-reader-text\">\u201eFreie Universit\u00e4t l\u00e4dt zur International Week 2018 ein\u201c<\/span> weiterlesen<\/a><\/p>\n","protected":false},"author":426,"featured_media":0,"comment_status":"open","ping_status":"open","sticky":false,"template":"","format":"standard","meta":{"footnotes":""},"categories":[522,1619],"tags":[],"class_list":["post-6045","post","type-post","status-publish","format-standard","hentry","category-fortbildung","category-tipps"],"_links":{"self":[{"href":"https:\/\/blogs.fu-berlin.de\/ideenbar\/wp-json\/wp\/v2\/posts\/6045","targetHints":{"allow":["GET"]}}],"collection":[{"href":"https:\/\/blogs.fu-berlin.de\/ideenbar\/wp-json\/wp\/v2\/posts"}],"about":[{"href":"https:\/\/blogs.fu-berlin.de\/ideenbar\/wp-json\/wp\/v2\/types\/post"}],"author":[{"embeddable":true,"href":"https:\/\/blogs.fu-berlin.de\/ideenbar\/wp-json\/wp\/v2\/users\/426"}],"replies":[{"embeddable":true,"href":"https:\/\/blogs.fu-berlin.de\/ideenbar\/wp-json\/wp\/v2\/comments?post=6045"}],"version-history":[{"count":2,"href":"https:\/\/blogs.fu-berlin.de\/ideenbar\/wp-json\/wp\/v2\/posts\/6045\/revisions"}],"predecessor-version":[{"id":6048,"href":"https:\/\/blogs.fu-berlin.de\/ideenbar\/wp-json\/wp\/v2\/posts\/6045\/revisions\/6048"}],"wp:attachment":[{"href":"https:\/\/blogs.fu-berlin.de\/ideenbar\/wp-json\/wp\/v2\/media?parent=6045"}],"wp:term":[{"taxonomy":"category","embeddable":true,"href":"https:\/\/blogs.fu-berlin.de\/ideenbar\/wp-json\/wp\/v2\/categories?post=6045"},{"taxonomy":"post_tag","embeddable":true,"href":"https:\/\/blogs.fu-berlin.de\/ideenbar\/wp-json\/wp\/v2\/tags?post=6045"}],"curies":[{"name":"wp","href":"https:\/\/api.w.org\/{rel}","templated":true}]}}