{"id":6085,"date":"2018-09-20T13:45:00","date_gmt":"2018-09-20T11:45:00","guid":{"rendered":"https:\/\/blogs.fu-berlin.de\/ideenbar\/?p=6085"},"modified":"2018-09-21T08:20:04","modified_gmt":"2018-09-21T06:20:04","slug":"hinter-den-dingen-5000-jahre-wissensgeschichte-zum-mitnehmen-und-nachhoeren","status":"publish","type":"post","link":"https:\/\/blogs.fu-berlin.de\/ideenbar\/2018\/09\/20\/hinter-den-dingen-5000-jahre-wissensgeschichte-zum-mitnehmen-und-nachhoeren\/","title":{"rendered":"5000 Jahre Wissensgeschichte zum Mitnehmen und Nachh\u00f6ren"},"content":{"rendered":"<h2 class=\"box-article-subtitle\"><span style=\"color: #99cc00\">Neuer Wissenschaftspodcast des SFB\u00a0\u201eEpisteme in Bewegung\u201c der Freien Universit\u00e4t Berlin\u00a0<\/span><\/h2>\n<figure style=\"width: 280px\" class=\"wp-caption alignright\"><img loading=\"lazy\" decoding=\"async\" src=\"http:\/\/www.sfb-episteme.de\/_media\/Veranstaltungsmaterlialien\/oeffentlichkeitsarbeit\/the-sound-of-science_slide.png?width=1000\" alt=\"\" width=\"280\" height=\"140\" \/><figcaption class=\"wp-caption-text\">Wissenschaftspodcasts &#8222;Hinter den Dingen&#8220;<\/figcaption><\/figure>\n<blockquote><p>\u201eHinter den Dingen\u201c ist der neue, vom SFB 980 herausgegebene Wissenschaftspodcast, der Museumsobjekte zum Ausgangspunkt akustischer Reisen in die Wissensgeschichte der Vormoderne macht. In jeder Folge werden \u2013 in ganz eigener Weise \u2013 die Geschichten, die einem speziellen Objekt anhaften, von den Wissenschaftler\/innen des SFB 980 erz\u00e4hlt.<\/p><\/blockquote>\n<p>Premiere des neuen\u00a0Wissenschaftspodcasts ist am 1. Oktober im Roten Salon der Volksb\u00fchne Berlin. \u00dcber Kopfh\u00f6rer werden Besucher\/innen\u00a0 die erste Folge der Podcastreihe \u201eHinter den Dingen. 5000 Jahre Wissensgeschichte zum Mitnehmen und Nachh\u00f6ren\u201c gemeinsam h\u00f6ren.\u00a0Anschlie\u00dfend gibt es die M\u00f6glichkeit, sich mit den Projektbeteiligten auszutauschen.\u00a0Die Podcastreihe ist ein Kooperationsprojekt des SFB und der Staatlichen Museen zu Berlin. Der Auftaktpodcast mit dem Titel \u201eDie Verhei\u00dfung der rubinroten Teekanne\u201c wird zeitgleich auf der Webseite\u00a0<a href=\"http:\/\/www.hinter-den-dingen.de\/\">www.hinter-den-dingen.de<\/a>\u00a0sowie im iTunes Store ver\u00f6ffentlicht.<\/p>\n<p><strong>Weitere Informationen<\/strong><\/p>\n<ul>\n<li>Podcastreihe \u201eHinter den Dingen\u201c:\u00a0<a href=\"http:\/\/www.hinter-den-dingen.de\/\">www.hinter-den-dingen.de<\/a><\/li>\n<li>SFB 980 \u201eEpisteme in Bewegung\u201c:\u00a0<a href=\"http:\/\/www.sfb-episteme.de\/\">www.sfb-episteme.de<\/a><\/li>\n<li>Pressemitteilung der FUB:\u00a0<a href=\"https:\/\/www.fu-berlin.de\/presse\/informationen\/fup\/2018\/fup_18_244-wissenschaftspodcast-hinter-den-dingen\/index.html\">Akustische Reise in Wissensgeschichten der Vormoderne<\/a><\/li>\n<\/ul>\n","protected":false},"excerpt":{"rendered":"<p>Neuer Wissenschaftspodcast des SFB\u00a0\u201eEpisteme in Bewegung\u201c der Freien Universit\u00e4t Berlin\u00a0 \u201eHinter den Dingen\u201c ist der neue, vom SFB 980 herausgegebene Wissenschaftspodcast, der Museumsobjekte zum Ausgangspunkt akustischer Reisen in die Wissensgeschichte der Vormoderne macht. In jeder Folge werden \u2013 in ganz eigener Weise \u2013 die Geschichten, die einem speziellen Objekt anhaften, von den Wissenschaftler\/innen des SFB &hellip; <a href=\"https:\/\/blogs.fu-berlin.de\/ideenbar\/2018\/09\/20\/hinter-den-dingen-5000-jahre-wissensgeschichte-zum-mitnehmen-und-nachhoeren\/\" class=\"more-link\"><span class=\"screen-reader-text\">\u201e5000 Jahre Wissensgeschichte zum Mitnehmen und Nachh\u00f6ren\u201c<\/span> weiterlesen<\/a><\/p>\n","protected":false},"author":426,"featured_media":0,"comment_status":"open","ping_status":"open","sticky":false,"template":"","format":"standard","meta":{"footnotes":""},"categories":[9],"tags":[],"class_list":["post-6085","post","type-post","status-publish","format-standard","hentry","category-allgemein"],"_links":{"self":[{"href":"https:\/\/blogs.fu-berlin.de\/ideenbar\/wp-json\/wp\/v2\/posts\/6085","targetHints":{"allow":["GET"]}}],"collection":[{"href":"https:\/\/blogs.fu-berlin.de\/ideenbar\/wp-json\/wp\/v2\/posts"}],"about":[{"href":"https:\/\/blogs.fu-berlin.de\/ideenbar\/wp-json\/wp\/v2\/types\/post"}],"author":[{"embeddable":true,"href":"https:\/\/blogs.fu-berlin.de\/ideenbar\/wp-json\/wp\/v2\/users\/426"}],"replies":[{"embeddable":true,"href":"https:\/\/blogs.fu-berlin.de\/ideenbar\/wp-json\/wp\/v2\/comments?post=6085"}],"version-history":[{"count":5,"href":"https:\/\/blogs.fu-berlin.de\/ideenbar\/wp-json\/wp\/v2\/posts\/6085\/revisions"}],"predecessor-version":[{"id":6090,"href":"https:\/\/blogs.fu-berlin.de\/ideenbar\/wp-json\/wp\/v2\/posts\/6085\/revisions\/6090"}],"wp:attachment":[{"href":"https:\/\/blogs.fu-berlin.de\/ideenbar\/wp-json\/wp\/v2\/media?parent=6085"}],"wp:term":[{"taxonomy":"category","embeddable":true,"href":"https:\/\/blogs.fu-berlin.de\/ideenbar\/wp-json\/wp\/v2\/categories?post=6085"},{"taxonomy":"post_tag","embeddable":true,"href":"https:\/\/blogs.fu-berlin.de\/ideenbar\/wp-json\/wp\/v2\/tags?post=6085"}],"curies":[{"name":"wp","href":"https:\/\/api.w.org\/{rel}","templated":true}]}}