{"id":1095,"date":"2012-05-23T09:28:46","date_gmt":"2012-05-23T08:28:46","guid":{"rendered":"https:\/\/blogs.fu-berlin.de\/?p=1095"},"modified":"2018-11-21T10:19:13","modified_gmt":"2018-11-21T09:19:13","slug":"designumstellung-aller-fu-blogs","status":"publish","type":"post","link":"https:\/\/blogs.fu-berlin.de\/?p=1095","title":{"rendered":"Designumstellung aller FU-Blogs"},"content":{"rendered":"<h3>Liebe Blog-Nutzerinnen und Nutzer,<\/h3>\n<p>nach dem k\u00fcrzlich durchgef\u00fchrten Software-Update der zentralen Blog-Systeme werden in einem n\u00e4chsten Schritt alle offiziellen Blogs, die \u00fcber https:\/\/blogs.fu-berlin.de publiziert werden, in das neue Corporate Design der Freien Universit\u00e4t Berlin (CD 2.0) \u00fcberf\u00fchrt. Weiterf\u00fchrende Informationen zum CD 2.0 finden Sie <a href=\"https:\/\/www.fu-berlin.de\/sites\/cd\" rel=\"nofollow\">hier<\/a>.<\/p>\n<p>Das Center f\u00fcr Digitale Systeme (CeDiS) hat ein neues Design-Theme f\u00fcr die offiziellen Blogs erstellt. Mit Hilfe der Step-by-Step Anleitung weiter unten k\u00f6nnen Sie Ihren Blog in das neue CD 2.0 migrieren. Dar\u00fcber hinaus besteht f\u00fcr alle Blog-Administrator\/innen nun die M\u00f6glichkeit, das Headerbild selbst zu bestimmen. Dabei k\u00f6nnen Sie aus einer vordefinierten Auswahl von Bildern w\u00e4hlen oder ein eigenes Bild hochladen.<\/p>\n<table border=\"1\">\n<tbody>\n<tr>\n<td bgcolor=\"#ffcccc\"><strong><span style=\"color: #000000;\"><a href=\"https:\/\/blogs.fu-berlin.de\/files\/2012\/05\/forbidden.gif\"><img loading=\"lazy\" decoding=\"async\" class=\"alignleft size-full wp-image-1059\" title=\"forbidden\" src=\"https:\/\/blogs.fu-berlin.de\/files\/2012\/05\/forbidden.gif\" alt=\"\" width=\"16\" height=\"16\" \/><\/a> Achtung!<\/span><\/p>\n<p><\/strong><span style=\"color: #000000;\">Bitte f\u00fchren Sie die Design-Migration <\/span><\/p>\n<p><strong><span style=\"color: #000000;\">bis zum 07.06.2012<\/span><\/strong><\/p>\n<p><span style=\"color: #000000;\">Nach diesem Datum wird CeDiS sukzessive alle nicht aktualisierten Blogs zentralisiert umstellen, um den Richtlinien des aktuellen CD zu entsprechen.<\/span><\/td>\n<\/tr>\n<\/tbody>\n<\/table>\n<h3>Wie kann ich meinen Blog in CD 2.0 migrieren?<\/h3>\n<p><!--more--><\/p>\n<p><strong>1:<\/strong> Bitte loggen Sie sich in dem Blog-System ein und wechseln Sie zum <strong>Dashboard<\/strong> Ihres Blogs.<\/p>\n<p><strong>2:<\/strong> Aus der linken Navigationsleiste w\u00e4hlen Sie &#8222;<strong>Design<\/strong> &gt; <strong>Themes<\/strong>&#8220; aus.<\/p>\n<p><a href=\"https:\/\/blogs.fu-berlin.de\/files\/2012\/05\/themes.png\"><img loading=\"lazy\" decoding=\"async\" class=\"size-medium wp-image-1102 alignnone\" title=\"themes\" src=\"https:\/\/blogs.fu-berlin.de\/files\/2012\/05\/themes-300x158.png\" alt=\"\" width=\"300\" height=\"158\" srcset=\"https:\/\/blogs.fu-berlin.de\/files\/2012\/05\/themes-300x158.png 300w, https:\/\/blogs.fu-berlin.de\/files\/2012\/05\/themes.png 905w\" sizes=\"auto, (max-width: 300px) 85vw, 300px\" \/><\/a><\/p>\n<p><strong>3:<\/strong> W\u00e4hlen Sie nun das Theme <strong>CD 2.0 &#8222;Freie Universitaet Berlin, CD 2.0&#8220;<\/strong> aus und klicken Sie auf <strong>aktivieren<\/strong>.<\/p>\n<p><a href=\"https:\/\/blogs.fu-berlin.de\/files\/2012\/05\/activate.png\"><img loading=\"lazy\" decoding=\"async\" class=\"alignnone size-medium wp-image-1105\" title=\"activate\" src=\"https:\/\/blogs.fu-berlin.de\/files\/2012\/05\/activate-198x300.png\" alt=\"\" width=\"198\" height=\"300\" srcset=\"https:\/\/blogs.fu-berlin.de\/files\/2012\/05\/activate-198x300.png 198w, https:\/\/blogs.fu-berlin.de\/files\/2012\/05\/activate.png 319w\" sizes=\"auto, (max-width: 198px) 85vw, 198px\" \/><\/a><\/p>\n<p><strong>4:<\/strong> Best\u00e4tigen Sie Ihre \u00c4nderungen mit <strong>OK<\/strong>!<\/p>\n<p><strong>5:<\/strong> Nun ist Ihr Blog in das neue CD 2.0 Design migriert worden.<\/p>\n<hr>\n<h3>Wie kann ich das Headerbild \u00e4ndern?<\/h3>\n<p><strong>1:<\/strong> Stellen Sie sicher, dass Sie das <strong>Theme CD 2.0<\/strong> f\u00fcr Ihren Blog aktiviert haben.<\/p>\n<p><strong>2:<\/strong> Bitte loggen Sie sich in das Blog-System ein und wechseln Sie zum <strong>Dashboard<\/strong> Ihres Blogs.<\/p>\n<p><strong>3:<\/strong> Aus der linken Navigationsleiste w\u00e4hlen Sie &#8222;<strong>Design<\/strong> &gt; <strong>Themes<\/strong> &gt; <strong>Kopfzeile<\/strong>&#8220; aus.<\/p>\n<p><a href=\"https:\/\/blogs.fu-berlin.de\/files\/2012\/05\/header.png\"><img loading=\"lazy\" decoding=\"async\" class=\"alignnone size-medium wp-image-1108\" title=\"header\" src=\"https:\/\/blogs.fu-berlin.de\/files\/2012\/05\/header-300x178.png\" alt=\"\" width=\"300\" height=\"178\" srcset=\"https:\/\/blogs.fu-berlin.de\/files\/2012\/05\/header-300x178.png 300w, https:\/\/blogs.fu-berlin.de\/files\/2012\/05\/header.png 907w\" sizes=\"auto, (max-width: 300px) 85vw, 300px\" \/><\/a><\/p>\n<p><strong>4:<\/strong> In dem Abschnitt &#8222;<strong>Bild hochladen<\/strong>&#8220; k\u00f6nnen Sie ein von Ihnen gew\u00e4hltes Bild als Header definieren. Im n\u00e4chsten Schritt k\u00f6nnen Sie das hochgeladene Bild auf die korrekten Dimensionen (758 x 125 Pixel) zuschneiden.<\/li>\n<p><strong>5:<\/strong> In dem Abschnitt &#8222;<strong>Vorgegebene Bilder<\/strong>&#8220; k\u00f6nnen Sie ein Headerbild ausw\u00e4hlen, das wir Ihnen zur Verf\u00fcgung gestellt haben.<\/li>\n<p><strong>6:<\/strong> Klicken Sie auf &#8222;<strong>\u00c4nderungen \u00fcbernehmen<\/strong>&#8222;, um das neue Headerbild zu speichern<\/li>\n<hr>\n<h3>Bei Fragen und Anregungen&#8230;<\/h3>\n<p>&#8230;sind wir gern Ihr Ansprechpartner. Sie erreichen uns<\/p>\n<ul>\n<li>unter der Hotline-Nummer 030\/838-54900 (Mo &#8211; Fr, 10 &#8211; 17 Uhr)<\/li>\n<li>oder per E-Mail: support@cedis.fu-berlin.de<\/li>\n<\/ul>\n<p>Ihr CeDiS Team<\/p>\n<div class=\"shariff shariff-align-flex-start shariff-widget-align-flex-start\"><ul class=\"shariff-buttons theme-default orientation-horizontal buttonsize-medium\"><li class=\"shariff-button twitter shariff-nocustomcolor\" style=\"background-color:#595959\"><a href=\"https:\/\/twitter.com\/share?url=https%3A%2F%2Fblogs.fu-berlin.de%2F%3Fp%3D1095&text=Designumstellung%20aller%20FU-Blogs\" title=\"Bei X teilen\" aria-label=\"Bei X teilen\" role=\"button\" rel=\"noopener nofollow\" class=\"shariff-link\" style=\"; background-color:#000; color:#fff\" target=\"_blank\"><span class=\"shariff-icon\" style=\"\"><svg width=\"32px\" height=\"20px\" xmlns=\"http:\/\/www.w3.org\/2000\/svg\" viewBox=\"0 0 24 24\"><path fill=\"#000\" d=\"M14.258 10.152L23.176 0h-2.113l-7.747 8.813L7.133 0H0l9.352 13.328L0 23.973h2.113l8.176-9.309 6.531 9.309h7.133zm-2.895 3.293l-.949-1.328L2.875 1.56h3.246l6.086 8.523.945 1.328 7.91 11.078h-3.246zm0 0\"\/><\/svg><\/span><span class=\"shariff-text\">teilen<\/span>&nbsp;<\/a><\/li><li class=\"shariff-button facebook shariff-nocustomcolor\" style=\"background-color:#4273c8\"><a href=\"https:\/\/www.facebook.com\/sharer\/sharer.php?u=https%3A%2F%2Fblogs.fu-berlin.de%2F%3Fp%3D1095\" title=\"Bei Facebook teilen\" aria-label=\"Bei Facebook teilen\" role=\"button\" rel=\"nofollow\" class=\"shariff-link\" style=\"; background-color:#3b5998; color:#fff\" target=\"_blank\"><span class=\"shariff-icon\" style=\"\"><svg width=\"32px\" height=\"20px\" xmlns=\"http:\/\/www.w3.org\/2000\/svg\" viewBox=\"0 0 18 32\"><path fill=\"#3b5998\" d=\"M17.1 0.2v4.7h-2.8q-1.5 0-2.1 0.6t-0.5 1.9v3.4h5.2l-0.7 5.3h-4.5v13.6h-5.5v-13.6h-4.5v-5.3h4.5v-3.9q0-3.3 1.9-5.2t5-1.8q2.6 0 4.1 0.2z\"\/><\/svg><\/span><span class=\"shariff-text\">teilen<\/span>&nbsp;<\/a><\/li><li class=\"shariff-button info shariff-nocustomcolor\" style=\"background-color:#eee\"><a href=\"http:\/\/ct.de\/-2467514\" title=\"Weitere Informationen\" aria-label=\"Weitere Informationen\" role=\"button\" rel=\"noopener \" class=\"shariff-link\" style=\"; background-color:#fff; color:#fff\" target=\"_blank\"><span class=\"shariff-icon\" style=\"\"><svg width=\"32px\" height=\"20px\" xmlns=\"http:\/\/www.w3.org\/2000\/svg\" viewBox=\"0 0 11 32\"><path fill=\"#999\" d=\"M11.4 24v2.3q0 0.5-0.3 0.8t-0.8 0.4h-9.1q-0.5 0-0.8-0.4t-0.4-0.8v-2.3q0-0.5 0.4-0.8t0.8-0.4h1.1v-6.8h-1.1q-0.5 0-0.8-0.4t-0.4-0.8v-2.3q0-0.5 0.4-0.8t0.8-0.4h6.8q0.5 0 0.8 0.4t0.4 0.8v10.3h1.1q0.5 0 0.8 0.4t0.3 0.8zM9.2 3.4v3.4q0 0.5-0.4 0.8t-0.8 0.4h-4.6q-0.4 0-0.8-0.4t-0.4-0.8v-3.4q0-0.4 0.4-0.8t0.8-0.4h4.6q0.5 0 0.8 0.4t0.4 0.8z\"\/><\/svg><\/span><\/a><\/li><\/ul><\/div>","protected":false},"excerpt":{"rendered":"<p>Liebe Blog-Nutzerinnen und Nutzer, nach dem k\u00fcrzlich durchgef\u00fchrten Software-Update der zentralen Blog-Systeme werden in einem n\u00e4chsten Schritt alle offiziellen Blogs, die \u00fcber https:\/\/blogs.fu-berlin.de publiziert werden, in das neue Corporate Design der Freien Universit\u00e4t Berlin (CD 2.0) \u00fcberf\u00fchrt. Weiterf\u00fchrende Informationen zum CD 2.0 finden Sie hier. Das Center f\u00fcr Digitale Systeme (CeDiS) hat ein neues Design-Theme &hellip; <a href=\"https:\/\/blogs.fu-berlin.de\/?p=1095\" class=\"more-link\"><span class=\"screen-reader-text\">\u201eDesignumstellung aller FU-Blogs\u201c<\/span> weiterlesen<\/a><\/p>\n","protected":false},"author":831,"featured_media":0,"comment_status":"open","ping_status":"closed","sticky":false,"template":"","format":"standard","meta":{"footnotes":""},"categories":[1,236,346],"tags":[],"class_list":["post-1095","post","type-post","status-publish","format-standard","hentry","category-uncategorized","category-blog","category-tutorials"],"_links":{"self":[{"href":"https:\/\/blogs.fu-berlin.de\/index.php?rest_route=\/wp\/v2\/posts\/1095","targetHints":{"allow":["GET"]}}],"collection":[{"href":"https:\/\/blogs.fu-berlin.de\/index.php?rest_route=\/wp\/v2\/posts"}],"about":[{"href":"https:\/\/blogs.fu-berlin.de\/index.php?rest_route=\/wp\/v2\/types\/post"}],"author":[{"embeddable":true,"href":"https:\/\/blogs.fu-berlin.de\/index.php?rest_route=\/wp\/v2\/users\/831"}],"replies":[{"embeddable":true,"href":"https:\/\/blogs.fu-berlin.de\/index.php?rest_route=%2Fwp%2Fv2%2Fcomments&post=1095"}],"version-history":[{"count":34,"href":"https:\/\/blogs.fu-berlin.de\/index.php?rest_route=\/wp\/v2\/posts\/1095\/revisions"}],"predecessor-version":[{"id":1187,"href":"https:\/\/blogs.fu-berlin.de\/index.php?rest_route=\/wp\/v2\/posts\/1095\/revisions\/1187"}],"wp:attachment":[{"href":"https:\/\/blogs.fu-berlin.de\/index.php?rest_route=%2Fwp%2Fv2%2Fmedia&parent=1095"}],"wp:term":[{"taxonomy":"category","embeddable":true,"href":"https:\/\/blogs.fu-berlin.de\/index.php?rest_route=%2Fwp%2Fv2%2Fcategories&post=1095"},{"taxonomy":"post_tag","embeddable":true,"href":"https:\/\/blogs.fu-berlin.de\/index.php?rest_route=%2Fwp%2Fv2%2Ftags&post=1095"}],"curies":[{"name":"wp","href":"https:\/\/api.w.org\/{rel}","templated":true}]}}