{"id":1614,"date":"2014-01-27T12:01:42","date_gmt":"2014-01-27T11:01:42","guid":{"rendered":"https:\/\/blogs.fu-berlin.de\/?p=1614"},"modified":"2018-11-21T10:19:12","modified_gmt":"2018-11-21T09:19:12","slug":"bloggen-lernen-das-neue-selbstlernmodul-fu-blogs-online","status":"publish","type":"post","link":"https:\/\/blogs.fu-berlin.de\/?p=1614","title":{"rendered":"Bloggen lernen: Das neue Selbstlernmodul FU-Blogs ist online!"},"content":{"rendered":"<figure id=\"attachment_482\" aria-describedby=\"caption-attachment-482\" style=\"width: 276px\" class=\"wp-caption alignright\"><a href=\"https:\/\/blogs.fu-berlin.de\/blogschulung\"><img loading=\"lazy\" decoding=\"async\" class=\" wp-image-482  \" title=\"Navigation Blogschulung\" alt=\"Navigation Blogschulung\" src=\"https:\/\/blogs.fu-berlin.de\/elab\/files\/2014\/01\/blograster.jpg\" width=\"276\" height=\"269\" \/><\/a><figcaption id=\"caption-attachment-482\" class=\"wp-caption-text\">Navigation Blogschulung<\/figcaption><\/figure>\n<p>Neben dem &#8222;klassischen&#8220; Pr\u00e4senz-Schulungsangebot, finden sich mehr und mehr auch Online Angebote, wie z.B. Webinare oder Selbstlernmodule im Fortbildungsportfolio von <a title=\"CeDiS Fortbildungsangebote\" href=\"https:\/\/www.cedis.fu-berlin.de\/cedis\/fortbildung.html\" target=\"_blank\">CeDiS<\/a>. Nachdem bereits das <a title=\"FU Wikis\" href=\"https:\/\/wikis.fu-berlin.de\/display\/wikischulung\/\" target=\"_blank\">Selbstlernmodul f\u00fcr die FU-Wikis<\/a> f\u00fcr FU Angeh\u00f6rige zur Verf\u00fcgung steht, ist ab sofort auch das <a title=\"FU-Blogs\" href=\"https:\/\/blogs.fu-berlin.de\/blogschulung\/\" target=\"_blank\">Selbstlernmodul f\u00fcr die FU-Blogs<\/a> online zug\u00e4nglich.<\/p>\n<p>Interessierte k\u00f6nnen sich hier \u00fcber die wesentlichen Funktionalit\u00e4ten und erste Einsatzszenarien von Blogs informieren. In kurzen \u00dcbungen kann das Gelernte \u00fcberpr\u00fcft und ggf. wiederholt werden. \u00a0Sie k\u00f6nnen unabh\u00e4ngig von Zeit und Ort auf die Materialien des Blogs zugreifen und die Lernmodule und \u00dcbungen absolvieren. So bestimmen die Lernenden, wann, wo und wie sie die Lektionen bearbeiten. \u00dcber ein Navigations-Raster k\u00f6nnen die thematischen Schwerpunkte und der Lernweg bestimmt werden.\u00a0Dar\u00fcberhinaus k\u00f6nnen \u00fcber die\u00a0<strong>Kategorien<\/strong>\u00a0selbst \u00a0thematischen Schwerpunkte gew\u00e4hlt werden. Die Tagcloud\u00a0der<strong>\u00a0Schlagw\u00f6rter<\/strong>\u00a0bietet schlie\u00dflich einen weiteren Einstieg in die Themen der Blogschulung.\u00a0\u00dcber ein Feedback Formular k\u00f6nnen Anregungen und Tipps an das CeDiS Fortbildungs-Team gesendet werden.<\/p>\n<p>Am Ende der Lernmodule steht vielleicht der Einsatz eines ersten eigenen Blogs?<br \/>\nViel Spa\u00df und Erfolg!<\/p>\n<p>Sie erreichen das Selbstlernmodul \u00fcber den Link <a title=\"Selbstlernmodul FU Blog\" href=\"https:\/\/blogs.fu-berlin.de\/blogschulung\" target=\"_blank\"><img loading=\"lazy\" decoding=\"async\" class=\"alignnone size-full wp-image-1621\" style=\"margin: -2px 5px;\" alt=\"HowTo\" src=\"https:\/\/blogs.fu-berlin.de\/files\/2014\/01\/hoto.jpg\" width=\"67\" height=\"18\" \/><\/a>\u00a0in der oberen Navigation<br \/>\noder:<\/p>\n<p><a title=\"FU Blogschulung\" href=\"https:\/\/blogs.fu-berlin.de\/blogschulung\" target=\"_blank\"><strong>\u00bb <\/strong>Zum Selbstlernmodul FU-Blogs<\/a><\/p>\n<div class=\"shariff shariff-align-flex-start shariff-widget-align-flex-start\"><ul class=\"shariff-buttons theme-default orientation-horizontal buttonsize-medium\"><li class=\"shariff-button twitter shariff-nocustomcolor\" style=\"background-color:#595959\"><a href=\"https:\/\/twitter.com\/share?url=https%3A%2F%2Fblogs.fu-berlin.de%2F%3Fp%3D1614&text=Bloggen%20lernen%3A%20Das%20neue%20Selbstlernmodul%20FU-Blogs%20ist%20online%21\" title=\"Bei X teilen\" aria-label=\"Bei X teilen\" role=\"button\" rel=\"noopener nofollow\" class=\"shariff-link\" style=\"; background-color:#000; color:#fff\" target=\"_blank\"><span class=\"shariff-icon\" style=\"\"><svg width=\"32px\" height=\"20px\" xmlns=\"http:\/\/www.w3.org\/2000\/svg\" viewBox=\"0 0 24 24\"><path fill=\"#000\" d=\"M14.258 10.152L23.176 0h-2.113l-7.747 8.813L7.133 0H0l9.352 13.328L0 23.973h2.113l8.176-9.309 6.531 9.309h7.133zm-2.895 3.293l-.949-1.328L2.875 1.56h3.246l6.086 8.523.945 1.328 7.91 11.078h-3.246zm0 0\"\/><\/svg><\/span><span class=\"shariff-text\">teilen<\/span>&nbsp;<\/a><\/li><li class=\"shariff-button facebook shariff-nocustomcolor\" style=\"background-color:#4273c8\"><a href=\"https:\/\/www.facebook.com\/sharer\/sharer.php?u=https%3A%2F%2Fblogs.fu-berlin.de%2F%3Fp%3D1614\" title=\"Bei Facebook teilen\" aria-label=\"Bei Facebook teilen\" role=\"button\" rel=\"nofollow\" class=\"shariff-link\" style=\"; background-color:#3b5998; color:#fff\" target=\"_blank\"><span class=\"shariff-icon\" style=\"\"><svg width=\"32px\" height=\"20px\" xmlns=\"http:\/\/www.w3.org\/2000\/svg\" viewBox=\"0 0 18 32\"><path fill=\"#3b5998\" d=\"M17.1 0.2v4.7h-2.8q-1.5 0-2.1 0.6t-0.5 1.9v3.4h5.2l-0.7 5.3h-4.5v13.6h-5.5v-13.6h-4.5v-5.3h4.5v-3.9q0-3.3 1.9-5.2t5-1.8q2.6 0 4.1 0.2z\"\/><\/svg><\/span><span class=\"shariff-text\">teilen<\/span>&nbsp;<\/a><\/li><li class=\"shariff-button info shariff-nocustomcolor\" style=\"background-color:#eee\"><a href=\"http:\/\/ct.de\/-2467514\" title=\"Weitere Informationen\" aria-label=\"Weitere Informationen\" role=\"button\" rel=\"noopener \" class=\"shariff-link\" style=\"; background-color:#fff; color:#fff\" target=\"_blank\"><span class=\"shariff-icon\" style=\"\"><svg width=\"32px\" height=\"20px\" xmlns=\"http:\/\/www.w3.org\/2000\/svg\" viewBox=\"0 0 11 32\"><path fill=\"#999\" d=\"M11.4 24v2.3q0 0.5-0.3 0.8t-0.8 0.4h-9.1q-0.5 0-0.8-0.4t-0.4-0.8v-2.3q0-0.5 0.4-0.8t0.8-0.4h1.1v-6.8h-1.1q-0.5 0-0.8-0.4t-0.4-0.8v-2.3q0-0.5 0.4-0.8t0.8-0.4h6.8q0.5 0 0.8 0.4t0.4 0.8v10.3h1.1q0.5 0 0.8 0.4t0.3 0.8zM9.2 3.4v3.4q0 0.5-0.4 0.8t-0.8 0.4h-4.6q-0.4 0-0.8-0.4t-0.4-0.8v-3.4q0-0.4 0.4-0.8t0.8-0.4h4.6q0.5 0 0.8 0.4t0.4 0.8z\"\/><\/svg><\/span><\/a><\/li><\/ul><\/div>","protected":false},"excerpt":{"rendered":"<p>Neben dem &#8222;klassischen&#8220; Pr\u00e4senz-Schulungsangebot, finden sich mehr und mehr auch Online Angebote, wie z.B. Webinare oder Selbstlernmodule im Fortbildungsportfolio von CeDiS. Nachdem bereits das Selbstlernmodul f\u00fcr die FU-Wikis f\u00fcr FU Angeh\u00f6rige zur Verf\u00fcgung steht, ist ab sofort auch das Selbstlernmodul f\u00fcr die FU-Blogs online zug\u00e4nglich. Interessierte k\u00f6nnen sich hier \u00fcber die wesentlichen Funktionalit\u00e4ten und erste &hellip; <a href=\"https:\/\/blogs.fu-berlin.de\/?p=1614\" class=\"more-link\"><span class=\"screen-reader-text\">\u201eBloggen lernen: Das neue Selbstlernmodul FU-Blogs ist online!\u201c<\/span> weiterlesen<\/a><\/p>\n","protected":false},"author":5,"featured_media":0,"comment_status":"open","ping_status":"closed","sticky":false,"template":"","format":"standard","meta":{"footnotes":""},"categories":[236,1619],"tags":[1661,75],"class_list":["post-1614","post","type-post","status-publish","format-standard","hentry","category-blog","category-tipps","tag-bildung","tag-wordpress"],"_links":{"self":[{"href":"https:\/\/blogs.fu-berlin.de\/index.php?rest_route=\/wp\/v2\/posts\/1614","targetHints":{"allow":["GET"]}}],"collection":[{"href":"https:\/\/blogs.fu-berlin.de\/index.php?rest_route=\/wp\/v2\/posts"}],"about":[{"href":"https:\/\/blogs.fu-berlin.de\/index.php?rest_route=\/wp\/v2\/types\/post"}],"author":[{"embeddable":true,"href":"https:\/\/blogs.fu-berlin.de\/index.php?rest_route=\/wp\/v2\/users\/5"}],"replies":[{"embeddable":true,"href":"https:\/\/blogs.fu-berlin.de\/index.php?rest_route=%2Fwp%2Fv2%2Fcomments&post=1614"}],"version-history":[{"count":8,"href":"https:\/\/blogs.fu-berlin.de\/index.php?rest_route=\/wp\/v2\/posts\/1614\/revisions"}],"predecessor-version":[{"id":1624,"href":"https:\/\/blogs.fu-berlin.de\/index.php?rest_route=\/wp\/v2\/posts\/1614\/revisions\/1624"}],"wp:attachment":[{"href":"https:\/\/blogs.fu-berlin.de\/index.php?rest_route=%2Fwp%2Fv2%2Fmedia&parent=1614"}],"wp:term":[{"taxonomy":"category","embeddable":true,"href":"https:\/\/blogs.fu-berlin.de\/index.php?rest_route=%2Fwp%2Fv2%2Fcategories&post=1614"},{"taxonomy":"post_tag","embeddable":true,"href":"https:\/\/blogs.fu-berlin.de\/index.php?rest_route=%2Fwp%2Fv2%2Ftags&post=1614"}],"curies":[{"name":"wp","href":"https:\/\/api.w.org\/{rel}","templated":true}]}}