{"id":164,"date":"2009-08-13T13:14:00","date_gmt":"2009-08-13T12:14:00","guid":{"rendered":"https:\/\/blogs.fu-berlin.de\/?p=164"},"modified":"2018-11-21T10:19:16","modified_gmt":"2018-11-21T09:19:16","slug":"e-learning-2009-fachkonferenz-an-der-freien-universitat-berlin","status":"publish","type":"post","link":"https:\/\/blogs.fu-berlin.de\/?p=164","title":{"rendered":"E-Learning 2009 &#8211; Fachkonferenz an der Freien Universit\u00e4t Berlin"},"content":{"rendered":"<p>Unter dem gemeinsamen Konferenztitel <a title=\"E-Learning 2009\" href=\"https:\/\/www.e-learning2009.de\/index.html\" target=\"_blank\">\u201eE-Learning 2009 &#8211; Lernen im Digitalen Zeitalter\u201c<\/a> findet vom 14. bis 17. September 2009 an der Freien Universit\u00e4t Berlin die <a title=\"GMW09\" href=\"https:\/\/www.e-learning2009.de\/gmw\/index.html\" target=\"_blank\">14. europ\u00e4ische Jahrestagung der Gesellschaft f\u00fcr Medien in der Wissenschaft (GMW09)<\/a>, die <a title=\"DeLFI 2009\" href=\"https:\/\/www.e-learning2009.de\/delfi\/index.html\" target=\"_blank\">7. e-Learning Fachtagung Informatik der Gesellschaft f\u00fcr Informatik (DeLFI 2009)<\/a> und zum zehnten Mal der Wettbewerb um sowie die Verleihung des <a title=\"Medida-Prix 2009\" href=\"https:\/\/www.e-learning2009.de\/medida-prix\/index.html\" target=\"_blank\">mediendidaktischen Hochschulpreises Medida-Prix 2009<\/a> statt. Die Teilnehmerinnen und Teilnehmer der gr\u00f6\u00dften wissenschaftlichen E-Learning-Fachtagung im deutschsprachigen Raum erwarten mehr als 90 Vortr\u00e4ge \u00fcber die didaktischen und technologischen Aspekte des E-Learning. Zu den Key-Note Speakern geh\u00f6rt beispielsweise Michail Bletsas vom Massachusetts Institut of Technology (MIT), der das One-Laptop-Per-Child (OLPC) Projekt pr\u00e4sentieren wird.<\/p>\n<p style=\"text-align: left\"><a href=\"https:\/\/www.e-learning2009.de\/index.html\" target=\"_blank\">Weitere Informationen zur Konferenz &#8222;E-Learning 2009&#8220; \u00bb<\/a><\/p>\n<p style=\"text-align: left\"><a href=\"https:\/\/www.e-learning2009.de\/index.html\" target=\"_blank\"><\/a><a href=\"https:\/\/www.e-learning2009.de\/index.html\" target=\"_blank\"><img loading=\"lazy\" decoding=\"async\" class=\"alignleft\" src=\"https:\/\/www.e-learning2009.de\/media\/logo_gmw_startseite.gif\" alt=\"\" width=\"112\" height=\"57\" \/><\/a><a href=\"https:\/\/www.e-learning2009.de\/index.html\" target=\"_blank\"><img loading=\"lazy\" decoding=\"async\" class=\"alignleft\" src=\"https:\/\/www.e-learning2009.de\/media\/logo_delfi_startseite.gif\" alt=\"\" width=\"112\" height=\"57\" \/><\/a><a href=\"https:\/\/www.e-learning2009.de\/index.html\" target=\"_blank\"><img loading=\"lazy\" decoding=\"async\" class=\"alignleft\" src=\"https:\/\/www.e-learning2009.de\/media\/logo_medida_startseite.gif\" alt=\"\" width=\"112\" height=\"57\" \/><\/a><\/p>\n<div class=\"shariff shariff-align-flex-start shariff-widget-align-flex-start\"><ul class=\"shariff-buttons theme-default orientation-horizontal buttonsize-medium\"><li class=\"shariff-button twitter shariff-nocustomcolor\" style=\"background-color:#595959\"><a href=\"https:\/\/twitter.com\/share?url=https%3A%2F%2Fblogs.fu-berlin.de%2F%3Fp%3D164&text=E-Learning%202009%20%E2%80%93%20Fachkonferenz%20an%20der%20Freien%20Universit%C3%A4t%20Berlin\" title=\"Bei X teilen\" aria-label=\"Bei X teilen\" role=\"button\" rel=\"noopener nofollow\" class=\"shariff-link\" style=\"; background-color:#000; color:#fff\" target=\"_blank\"><span class=\"shariff-icon\" style=\"\"><svg width=\"32px\" height=\"20px\" xmlns=\"http:\/\/www.w3.org\/2000\/svg\" viewBox=\"0 0 24 24\"><path fill=\"#000\" d=\"M14.258 10.152L23.176 0h-2.113l-7.747 8.813L7.133 0H0l9.352 13.328L0 23.973h2.113l8.176-9.309 6.531 9.309h7.133zm-2.895 3.293l-.949-1.328L2.875 1.56h3.246l6.086 8.523.945 1.328 7.91 11.078h-3.246zm0 0\"\/><\/svg><\/span><span class=\"shariff-text\">teilen<\/span>&nbsp;<\/a><\/li><li class=\"shariff-button facebook shariff-nocustomcolor\" style=\"background-color:#4273c8\"><a href=\"https:\/\/www.facebook.com\/sharer\/sharer.php?u=https%3A%2F%2Fblogs.fu-berlin.de%2F%3Fp%3D164\" title=\"Bei Facebook teilen\" aria-label=\"Bei Facebook teilen\" role=\"button\" rel=\"nofollow\" class=\"shariff-link\" style=\"; background-color:#3b5998; color:#fff\" target=\"_blank\"><span class=\"shariff-icon\" style=\"\"><svg width=\"32px\" height=\"20px\" xmlns=\"http:\/\/www.w3.org\/2000\/svg\" viewBox=\"0 0 18 32\"><path fill=\"#3b5998\" d=\"M17.1 0.2v4.7h-2.8q-1.5 0-2.1 0.6t-0.5 1.9v3.4h5.2l-0.7 5.3h-4.5v13.6h-5.5v-13.6h-4.5v-5.3h4.5v-3.9q0-3.3 1.9-5.2t5-1.8q2.6 0 4.1 0.2z\"\/><\/svg><\/span><span class=\"shariff-text\">teilen<\/span>&nbsp;<\/a><\/li><li class=\"shariff-button info shariff-nocustomcolor\" style=\"background-color:#eee\"><a href=\"http:\/\/ct.de\/-2467514\" title=\"Weitere Informationen\" aria-label=\"Weitere Informationen\" role=\"button\" rel=\"noopener \" class=\"shariff-link\" style=\"; background-color:#fff; color:#fff\" target=\"_blank\"><span class=\"shariff-icon\" style=\"\"><svg width=\"32px\" height=\"20px\" xmlns=\"http:\/\/www.w3.org\/2000\/svg\" viewBox=\"0 0 11 32\"><path fill=\"#999\" d=\"M11.4 24v2.3q0 0.5-0.3 0.8t-0.8 0.4h-9.1q-0.5 0-0.8-0.4t-0.4-0.8v-2.3q0-0.5 0.4-0.8t0.8-0.4h1.1v-6.8h-1.1q-0.5 0-0.8-0.4t-0.4-0.8v-2.3q0-0.5 0.4-0.8t0.8-0.4h6.8q0.5 0 0.8 0.4t0.4 0.8v10.3h1.1q0.5 0 0.8 0.4t0.3 0.8zM9.2 3.4v3.4q0 0.5-0.4 0.8t-0.8 0.4h-4.6q-0.4 0-0.8-0.4t-0.4-0.8v-3.4q0-0.4 0.4-0.8t0.8-0.4h4.6q0.5 0 0.8 0.4t0.4 0.8z\"\/><\/svg><\/span><\/a><\/li><\/ul><\/div>","protected":false},"excerpt":{"rendered":"<p>Unter dem gemeinsamen Konferenztitel \u201eE-Learning 2009 &#8211; Lernen im Digitalen Zeitalter\u201c findet vom 14. bis 17. September 2009 an der Freien Universit\u00e4t Berlin die 14. europ\u00e4ische Jahrestagung der Gesellschaft f\u00fcr Medien in der Wissenschaft (GMW09), die 7. e-Learning Fachtagung Informatik der Gesellschaft f\u00fcr Informatik (DeLFI 2009) und zum zehnten Mal der Wettbewerb um sowie die &hellip; <a href=\"https:\/\/blogs.fu-berlin.de\/?p=164\" class=\"more-link\"><span class=\"screen-reader-text\">\u201eE-Learning 2009 &#8211; Fachkonferenz an der Freien Universit\u00e4t Berlin\u201c<\/span> weiterlesen<\/a><\/p>\n","protected":false},"author":5,"featured_media":0,"comment_status":"open","ping_status":"closed","sticky":false,"template":"","format":"standard","meta":{"footnotes":""},"categories":[1,236,70],"tags":[],"class_list":["post-164","post","type-post","status-publish","format-standard","hentry","category-uncategorized","category-blog","category-veranstaltungen"],"_links":{"self":[{"href":"https:\/\/blogs.fu-berlin.de\/index.php?rest_route=\/wp\/v2\/posts\/164","targetHints":{"allow":["GET"]}}],"collection":[{"href":"https:\/\/blogs.fu-berlin.de\/index.php?rest_route=\/wp\/v2\/posts"}],"about":[{"href":"https:\/\/blogs.fu-berlin.de\/index.php?rest_route=\/wp\/v2\/types\/post"}],"author":[{"embeddable":true,"href":"https:\/\/blogs.fu-berlin.de\/index.php?rest_route=\/wp\/v2\/users\/5"}],"replies":[{"embeddable":true,"href":"https:\/\/blogs.fu-berlin.de\/index.php?rest_route=%2Fwp%2Fv2%2Fcomments&post=164"}],"version-history":[{"count":9,"href":"https:\/\/blogs.fu-berlin.de\/index.php?rest_route=\/wp\/v2\/posts\/164\/revisions"}],"predecessor-version":[{"id":174,"href":"https:\/\/blogs.fu-berlin.de\/index.php?rest_route=\/wp\/v2\/posts\/164\/revisions\/174"}],"wp:attachment":[{"href":"https:\/\/blogs.fu-berlin.de\/index.php?rest_route=%2Fwp%2Fv2%2Fmedia&parent=164"}],"wp:term":[{"taxonomy":"category","embeddable":true,"href":"https:\/\/blogs.fu-berlin.de\/index.php?rest_route=%2Fwp%2Fv2%2Fcategories&post=164"},{"taxonomy":"post_tag","embeddable":true,"href":"https:\/\/blogs.fu-berlin.de\/index.php?rest_route=%2Fwp%2Fv2%2Ftags&post=164"}],"curies":[{"name":"wp","href":"https:\/\/api.w.org\/{rel}","templated":true}]}}