{"id":18,"date":"2007-04-24T09:45:57","date_gmt":"2007-04-24T08:45:57","guid":{"rendered":"https:\/\/blogs.fu-berlin.de\/blog\/2007\/04\/24\/cedis-schulungen-zu-blogs\/"},"modified":"2018-11-21T10:19:18","modified_gmt":"2018-11-21T09:19:18","slug":"cedis-schulungen-zu-blogs","status":"publish","type":"post","link":"https:\/\/blogs.fu-berlin.de\/?p=18","title":{"rendered":"CeDiS Schulungen zu Blogs"},"content":{"rendered":"<p>Zum Beginn des Sommersemesters bietet CeDiS ein erweitertes Schulungsprogramm f\u00fcr Lehrende der Freien Universit\u00e4t an. Insbesondere zum Thema Blogs stehen erste Termine fest.<\/p>\n<p><strong>Anmeldung<\/strong>: Bitte melden Sie sich zu den Schulungen mit einer formlosen E-Mail an <a href=\"mailto:lms@cedis.fu-berlin.de\">lms@cedis.fu-berlin.de<\/a> an.<br \/>\nAufgrund der begrenzten Zahl der PC-Arbeitspl\u00e4tze in den Schulungsr\u00e4umen bitten wir Sie um eine verbindliche Anmeldung.<\/p>\n<p><strong>Aus dem Inhalt:<\/strong><\/p>\n<blockquote><p><em>Mit den neuen Web 2.0-Technologien wachsen neue anwenderfreundliche Softwarel\u00f6sungen heran, die auch den unerfahrenen Nutzer in die Lage versetzen Inhalte im Internet zu publizieren oder zu ver\u00e4ndern. Blogs oder Weblogs sind Beispiele solcher L\u00f6sungen, die sich seit kurzem auch im akademischen Kontext einer gro\u00dfen Nachfrage erfreuen.<\/em><\/p>\n<p><em>So k\u00f6nnen Forscherinnen oder Forscher mit Blogs Exkursionsberichte verfassen, Publikationen Dritter kommentieren oder Tagungsbesuche dokumentieren.<br \/>\nDozentinnen oder Dozenten k\u00f6nnen Seminare organisatorisch begleiten, Studierende mit Lese- und Termintipps versorgen oder die Blogs aller Studierenden einsehen und beurteilen. Studentinnen oder Studenten k\u00f6nnen Praxisberichte erstellen, Fundst\u00fccke aus dem Internet anderen verf\u00fcgbar machen und sich mit Gleichgesinnten verlinken.<br \/>\nIn dieser Schulung werden sowohl die technischen als als auch die didaktischen Rahmenbedingungen zum Einsatz solcher Blogsysteme erl\u00e4utert und anhand praktischer Beispiele diskutiert.<\/em><\/p><\/blockquote>\n<blockquote><p><em><strong>Z<\/strong><\/em><strong>ielgruppe<\/strong><br \/>\n<em> Lehrende an der Freien Universit\u00e4t Berlin (ProfessorInnen, DozentInnen, MitarbeiterInnen und studentische TutorInnen), die den didaktischen Einsatz von Weblogs in ihrer Lehre planen.<\/em><\/p>\n<p><em><strong><span>Voraussetzungen<\/span><\/strong><br \/>\nGrundlegende PC- und Internetkenntnisse<\/em><\/p><\/blockquote>\n<blockquote><p><em><strong>Ort und Z<\/strong><\/em><em><strong>eit<\/strong><\/em><\/p><\/blockquote>\n<table border=\"1\" cellpadding=\"3\" cellspacing=\"0\" width=\"697\">\n<tr>\n<th align=\"left\" width=\"70\">Datum<\/th>\n<th align=\"left\" width=\"80\">Zeit<\/th>\n<th align=\"left\" width=\"120\">Raum (Ort)<\/th>\n<th align=\"left\">Dozent\/in<\/th>\n<\/tr>\n<tr>\n<td valign=\"top\">11.05.2007<\/td>\n<td valign=\"top\">15:00\u201318:00<\/td>\n<td valign=\"top\"><a href=\"https:\/\/www.e-learning.fu-berlin.de\/cedis\/veranstaltungen\/raeume\/cedis.html\" title=\"CeDiS Schulungsraum (ein eigenes Notebook ist erforderlich)\"> \t\t\t\t\t\t\t\t\t\t \t\t\t\t\t\t\t\t\t\t\tCeDiS Schulungsraum (ein eigenes Notebook ist erforderlich) \t\t\t\t\t\t\t\t\t\t \t\t\t\t\t\t\t\t\t\t \t\t\t\t\t\t\t\t\t<\/a><\/td>\n<td valign=\"top\"><a href=\"https:\/\/www.cedis.fu-berlin.de\/mitarbeiter\/scordes.html\" title=\"Stefan Cordes\">Stefan Cordes<\/a>, <a href=\"https:\/\/www.cedis.fu-berlin.de\/mitarbeiter\/wneuhaus.html\" title=\"Wolfgang Neuhaus\"><br \/>\nWolfgang Neuhaus<\/a><\/td>\n<\/tr>\n<tr>\n<td valign=\"top\">29.06.2007<\/td>\n<td valign=\"top\">09:30\u201312:30<\/td>\n<td valign=\"top\"><a href=\"https:\/\/www.e-learning.fu-berlin.de\/cedis\/veranstaltungen\/raeume\/cedis.html\" title=\"CeDiS Schulungsraum (ein eigenes Notebook ist erforderlich)\"> \t\t\t\t\t\t\t\t\t\t \t\t\t\t\t\t\t\t\t\t\tCeDiS Schulungsraum (ein eigenes Notebook ist erforderlich) \t\t\t\t\t\t\t\t\t\t \t\t\t\t\t\t\t\t\t\t \t\t\t\t\t\t\t\t\t<\/a><\/td>\n<td valign=\"top\"><a href=\"https:\/\/www.cedis.fu-berlin.de\/mitarbeiter\/scordes.html\" title=\"Stefan Cordes\">Stefan Cordes<\/a>, <a href=\"https:\/\/www.cedis.fu-berlin.de\/mitarbeiter\/wneuhaus.html\" title=\"Wolfgang Neuhaus\"><br \/>\nWolfgang Neuhaus<\/a><\/td>\n<\/tr>\n<\/table>\n<div class=\"shariff shariff-align-flex-start shariff-widget-align-flex-start\"><ul class=\"shariff-buttons theme-default orientation-horizontal buttonsize-medium\"><li class=\"shariff-button twitter shariff-nocustomcolor\" style=\"background-color:#595959\"><a href=\"https:\/\/twitter.com\/share?url=https%3A%2F%2Fblogs.fu-berlin.de%2F%3Fp%3D18&text=CeDiS%20Schulungen%20zu%20Blogs\" title=\"Bei X teilen\" aria-label=\"Bei X teilen\" role=\"button\" rel=\"noopener nofollow\" class=\"shariff-link\" style=\"; background-color:#000; color:#fff\" target=\"_blank\"><span class=\"shariff-icon\" style=\"\"><svg width=\"32px\" height=\"20px\" xmlns=\"http:\/\/www.w3.org\/2000\/svg\" viewBox=\"0 0 24 24\"><path fill=\"#000\" d=\"M14.258 10.152L23.176 0h-2.113l-7.747 8.813L7.133 0H0l9.352 13.328L0 23.973h2.113l8.176-9.309 6.531 9.309h7.133zm-2.895 3.293l-.949-1.328L2.875 1.56h3.246l6.086 8.523.945 1.328 7.91 11.078h-3.246zm0 0\"\/><\/svg><\/span><span class=\"shariff-text\">teilen<\/span>&nbsp;<\/a><\/li><li class=\"shariff-button facebook shariff-nocustomcolor\" style=\"background-color:#4273c8\"><a href=\"https:\/\/www.facebook.com\/sharer\/sharer.php?u=https%3A%2F%2Fblogs.fu-berlin.de%2F%3Fp%3D18\" title=\"Bei Facebook teilen\" aria-label=\"Bei Facebook teilen\" role=\"button\" rel=\"nofollow\" class=\"shariff-link\" style=\"; background-color:#3b5998; color:#fff\" target=\"_blank\"><span class=\"shariff-icon\" style=\"\"><svg width=\"32px\" height=\"20px\" xmlns=\"http:\/\/www.w3.org\/2000\/svg\" viewBox=\"0 0 18 32\"><path fill=\"#3b5998\" d=\"M17.1 0.2v4.7h-2.8q-1.5 0-2.1 0.6t-0.5 1.9v3.4h5.2l-0.7 5.3h-4.5v13.6h-5.5v-13.6h-4.5v-5.3h4.5v-3.9q0-3.3 1.9-5.2t5-1.8q2.6 0 4.1 0.2z\"\/><\/svg><\/span><span class=\"shariff-text\">teilen<\/span>&nbsp;<\/a><\/li><li class=\"shariff-button info shariff-nocustomcolor\" style=\"background-color:#eee\"><a href=\"http:\/\/ct.de\/-2467514\" title=\"Weitere Informationen\" aria-label=\"Weitere Informationen\" role=\"button\" rel=\"noopener \" class=\"shariff-link\" style=\"; background-color:#fff; color:#fff\" target=\"_blank\"><span class=\"shariff-icon\" style=\"\"><svg width=\"32px\" height=\"20px\" xmlns=\"http:\/\/www.w3.org\/2000\/svg\" viewBox=\"0 0 11 32\"><path fill=\"#999\" d=\"M11.4 24v2.3q0 0.5-0.3 0.8t-0.8 0.4h-9.1q-0.5 0-0.8-0.4t-0.4-0.8v-2.3q0-0.5 0.4-0.8t0.8-0.4h1.1v-6.8h-1.1q-0.5 0-0.8-0.4t-0.4-0.8v-2.3q0-0.5 0.4-0.8t0.8-0.4h6.8q0.5 0 0.8 0.4t0.4 0.8v10.3h1.1q0.5 0 0.8 0.4t0.3 0.8zM9.2 3.4v3.4q0 0.5-0.4 0.8t-0.8 0.4h-4.6q-0.4 0-0.8-0.4t-0.4-0.8v-3.4q0-0.4 0.4-0.8t0.8-0.4h4.6q0.5 0 0.8 0.4t0.4 0.8z\"\/><\/svg><\/span><\/a><\/li><\/ul><\/div>","protected":false},"excerpt":{"rendered":"<p>Zum Beginn des Sommersemesters bietet CeDiS ein erweitertes Schulungsprogramm f\u00fcr Lehrende der Freien Universit\u00e4t an. Insbesondere zum Thema Blogs stehen erste Termine fest. Anmeldung: Bitte melden Sie sich zu den Schulungen mit einer formlosen E-Mail an lms@cedis.fu-berlin.de an. Aufgrund der begrenzten Zahl der PC-Arbeitspl\u00e4tze in den Schulungsr\u00e4umen bitten wir Sie um eine verbindliche Anmeldung. Aus &hellip; <a href=\"https:\/\/blogs.fu-berlin.de\/?p=18\" class=\"more-link\"><span class=\"screen-reader-text\">\u201eCeDiS Schulungen zu Blogs\u201c<\/span> weiterlesen<\/a><\/p>\n","protected":false},"author":5,"featured_media":0,"comment_status":"open","ping_status":"closed","sticky":false,"template":"","format":"standard","meta":{"footnotes":""},"categories":[1,236],"tags":[],"class_list":["post-18","post","type-post","status-publish","format-standard","hentry","category-uncategorized","category-blog"],"_links":{"self":[{"href":"https:\/\/blogs.fu-berlin.de\/index.php?rest_route=\/wp\/v2\/posts\/18","targetHints":{"allow":["GET"]}}],"collection":[{"href":"https:\/\/blogs.fu-berlin.de\/index.php?rest_route=\/wp\/v2\/posts"}],"about":[{"href":"https:\/\/blogs.fu-berlin.de\/index.php?rest_route=\/wp\/v2\/types\/post"}],"author":[{"embeddable":true,"href":"https:\/\/blogs.fu-berlin.de\/index.php?rest_route=\/wp\/v2\/users\/5"}],"replies":[{"embeddable":true,"href":"https:\/\/blogs.fu-berlin.de\/index.php?rest_route=%2Fwp%2Fv2%2Fcomments&post=18"}],"version-history":[{"count":1,"href":"https:\/\/blogs.fu-berlin.de\/index.php?rest_route=\/wp\/v2\/posts\/18\/revisions"}],"predecessor-version":[{"id":2562,"href":"https:\/\/blogs.fu-berlin.de\/index.php?rest_route=\/wp\/v2\/posts\/18\/revisions\/2562"}],"wp:attachment":[{"href":"https:\/\/blogs.fu-berlin.de\/index.php?rest_route=%2Fwp%2Fv2%2Fmedia&parent=18"}],"wp:term":[{"taxonomy":"category","embeddable":true,"href":"https:\/\/blogs.fu-berlin.de\/index.php?rest_route=%2Fwp%2Fv2%2Fcategories&post=18"},{"taxonomy":"post_tag","embeddable":true,"href":"https:\/\/blogs.fu-berlin.de\/index.php?rest_route=%2Fwp%2Fv2%2Ftags&post=18"}],"curies":[{"name":"wp","href":"https:\/\/api.w.org\/{rel}","templated":true}]}}