{"id":192,"date":"2009-10-07T12:55:00","date_gmt":"2009-10-07T11:55:00","guid":{"rendered":"https:\/\/blogs.fu-berlin.de\/?p=192"},"modified":"2018-11-21T10:19:16","modified_gmt":"2018-11-21T09:19:16","slug":"campus-management-blackboard","status":"publish","type":"post","link":"https:\/\/blogs.fu-berlin.de\/?p=192","title":{"rendered":"Campus Management &amp; Blackboard"},"content":{"rendered":"<p>Seit wenigen Tagen werden nun die Kurse, die \u00fcber das Campus Management System registriert werden zugleich im LMS Blackboard angemeldet und die registrierten Nutzer \u00fcbernommen. Damit entf\u00e4llt zuk\u00fcnftig die doppelte Anmeldung\/Registrierung.<\/p>\n<blockquote><p><span style=\"font-family: verdana,arial,helvetica,sans-serif;color: #990000;font-size: x-small\"><strong>Sehr geehrte Nutzer der Freien Universit\u00e4t,<br \/>\n<span style=\"color: #330000;font-weight: normal\">ab sofort werden die Daten bez\u00fcglich Kursen und deren Einschreibungen, f\u00fcr Lehrende und Studierende (stehen ab 1.10.09 zur Verf\u00fcgung), aus dem SAP SLCM System \u00fcbernommen.<br \/>\nDieses bedeutet f\u00fcr alle Lehrenden, dass Ihnen alle Kurse die sie halten, in Blackboard angezeigt werden. Zur Nutzung m\u00fcssen sie diese nur aktivieren. Gleichzeitig werden alle Studierenden, die in Blackboard ihren FU-Account nutzen, und sich in SLCM f\u00fcr die Veranstaltung angemeldet haben, in diese Kurse automatisch eingeschrieben (und ggf. auch wieder entfernt).<br \/>\n<span style=\"font-weight: bold\">Wichtiger Hinweis:<\/span> Wenn sie in beiden Systemen nur die gleichen Benutzerdaten (Benutzerid und Passwort) verwenden, aber nicht auf den FU- Account umgestellt haben, erfolgt KEINE automatische Einschreibung. Deshalb nochmals der Hinweis, stellen Sie Ihren Account sofort auf den FU-Account um, wenn Sie das Umstellungsmodul auf Ihrer Startseite finden.<br \/>\n<span style=\"color: #ff3333;font-weight: bold\">Achtung:<\/span> Diese \u00c4nderungen erfolgen tagesgenau, d.h. die \u00c4nderungen sind erst am n\u00e4chsten Tag in Blackboard verf\u00fcgbar!<br \/>\n(Quelle: CeDiS)<\/span><\/strong><\/span><\/p><\/blockquote>\n<div class=\"shariff shariff-align-flex-start shariff-widget-align-flex-start\"><ul class=\"shariff-buttons theme-default orientation-horizontal buttonsize-medium\"><li class=\"shariff-button twitter shariff-nocustomcolor\" style=\"background-color:#595959\"><a href=\"https:\/\/twitter.com\/share?url=https%3A%2F%2Fblogs.fu-berlin.de%2F%3Fp%3D192&text=Campus%20Management%20%26%20Blackboard\" title=\"Bei X teilen\" aria-label=\"Bei X teilen\" role=\"button\" rel=\"noopener nofollow\" class=\"shariff-link\" style=\"; background-color:#000; color:#fff\" target=\"_blank\"><span class=\"shariff-icon\" style=\"\"><svg width=\"32px\" height=\"20px\" xmlns=\"http:\/\/www.w3.org\/2000\/svg\" viewBox=\"0 0 24 24\"><path fill=\"#000\" d=\"M14.258 10.152L23.176 0h-2.113l-7.747 8.813L7.133 0H0l9.352 13.328L0 23.973h2.113l8.176-9.309 6.531 9.309h7.133zm-2.895 3.293l-.949-1.328L2.875 1.56h3.246l6.086 8.523.945 1.328 7.91 11.078h-3.246zm0 0\"\/><\/svg><\/span><span class=\"shariff-text\">teilen<\/span>&nbsp;<\/a><\/li><li class=\"shariff-button facebook shariff-nocustomcolor\" style=\"background-color:#4273c8\"><a href=\"https:\/\/www.facebook.com\/sharer\/sharer.php?u=https%3A%2F%2Fblogs.fu-berlin.de%2F%3Fp%3D192\" title=\"Bei Facebook teilen\" aria-label=\"Bei Facebook teilen\" role=\"button\" rel=\"nofollow\" class=\"shariff-link\" style=\"; background-color:#3b5998; color:#fff\" target=\"_blank\"><span class=\"shariff-icon\" style=\"\"><svg width=\"32px\" height=\"20px\" xmlns=\"http:\/\/www.w3.org\/2000\/svg\" viewBox=\"0 0 18 32\"><path fill=\"#3b5998\" d=\"M17.1 0.2v4.7h-2.8q-1.5 0-2.1 0.6t-0.5 1.9v3.4h5.2l-0.7 5.3h-4.5v13.6h-5.5v-13.6h-4.5v-5.3h4.5v-3.9q0-3.3 1.9-5.2t5-1.8q2.6 0 4.1 0.2z\"\/><\/svg><\/span><span class=\"shariff-text\">teilen<\/span>&nbsp;<\/a><\/li><li class=\"shariff-button info shariff-nocustomcolor\" style=\"background-color:#eee\"><a href=\"http:\/\/ct.de\/-2467514\" title=\"Weitere Informationen\" aria-label=\"Weitere Informationen\" role=\"button\" rel=\"noopener \" class=\"shariff-link\" style=\"; background-color:#fff; color:#fff\" target=\"_blank\"><span class=\"shariff-icon\" style=\"\"><svg width=\"32px\" height=\"20px\" xmlns=\"http:\/\/www.w3.org\/2000\/svg\" viewBox=\"0 0 11 32\"><path fill=\"#999\" d=\"M11.4 24v2.3q0 0.5-0.3 0.8t-0.8 0.4h-9.1q-0.5 0-0.8-0.4t-0.4-0.8v-2.3q0-0.5 0.4-0.8t0.8-0.4h1.1v-6.8h-1.1q-0.5 0-0.8-0.4t-0.4-0.8v-2.3q0-0.5 0.4-0.8t0.8-0.4h6.8q0.5 0 0.8 0.4t0.4 0.8v10.3h1.1q0.5 0 0.8 0.4t0.3 0.8zM9.2 3.4v3.4q0 0.5-0.4 0.8t-0.8 0.4h-4.6q-0.4 0-0.8-0.4t-0.4-0.8v-3.4q0-0.4 0.4-0.8t0.8-0.4h4.6q0.5 0 0.8 0.4t0.4 0.8z\"\/><\/svg><\/span><\/a><\/li><\/ul><\/div>","protected":false},"excerpt":{"rendered":"<p>Seit wenigen Tagen werden nun die Kurse, die \u00fcber das Campus Management System registriert werden zugleich im LMS Blackboard angemeldet und die registrierten Nutzer \u00fcbernommen. Damit entf\u00e4llt zuk\u00fcnftig die doppelte Anmeldung\/Registrierung. Sehr geehrte Nutzer der Freien Universit\u00e4t, ab sofort werden die Daten bez\u00fcglich Kursen und deren Einschreibungen, f\u00fcr Lehrende und Studierende (stehen ab 1.10.09 zur &hellip; <a href=\"https:\/\/blogs.fu-berlin.de\/?p=192\" class=\"more-link\"><span class=\"screen-reader-text\">\u201eCampus Management &amp; Blackboard\u201c<\/span> weiterlesen<\/a><\/p>\n","protected":false},"author":5,"featured_media":0,"comment_status":"open","ping_status":"closed","sticky":false,"template":"","format":"standard","meta":{"footnotes":""},"categories":[1,236],"tags":[],"class_list":["post-192","post","type-post","status-publish","format-standard","hentry","category-uncategorized","category-blog"],"_links":{"self":[{"href":"https:\/\/blogs.fu-berlin.de\/index.php?rest_route=\/wp\/v2\/posts\/192","targetHints":{"allow":["GET"]}}],"collection":[{"href":"https:\/\/blogs.fu-berlin.de\/index.php?rest_route=\/wp\/v2\/posts"}],"about":[{"href":"https:\/\/blogs.fu-berlin.de\/index.php?rest_route=\/wp\/v2\/types\/post"}],"author":[{"embeddable":true,"href":"https:\/\/blogs.fu-berlin.de\/index.php?rest_route=\/wp\/v2\/users\/5"}],"replies":[{"embeddable":true,"href":"https:\/\/blogs.fu-berlin.de\/index.php?rest_route=%2Fwp%2Fv2%2Fcomments&post=192"}],"version-history":[{"count":5,"href":"https:\/\/blogs.fu-berlin.de\/index.php?rest_route=\/wp\/v2\/posts\/192\/revisions"}],"predecessor-version":[{"id":2527,"href":"https:\/\/blogs.fu-berlin.de\/index.php?rest_route=\/wp\/v2\/posts\/192\/revisions\/2527"}],"wp:attachment":[{"href":"https:\/\/blogs.fu-berlin.de\/index.php?rest_route=%2Fwp%2Fv2%2Fmedia&parent=192"}],"wp:term":[{"taxonomy":"category","embeddable":true,"href":"https:\/\/blogs.fu-berlin.de\/index.php?rest_route=%2Fwp%2Fv2%2Fcategories&post=192"},{"taxonomy":"post_tag","embeddable":true,"href":"https:\/\/blogs.fu-berlin.de\/index.php?rest_route=%2Fwp%2Fv2%2Ftags&post=192"}],"curies":[{"name":"wp","href":"https:\/\/api.w.org\/{rel}","templated":true}]}}