{"id":1974,"date":"2016-06-13T08:37:03","date_gmt":"2016-06-13T06:37:03","guid":{"rendered":"https:\/\/blogs.fu-berlin.de\/?p=1974"},"modified":"2018-11-21T10:19:12","modified_gmt":"2018-11-21T09:19:12","slug":"wikis-fuer-die-wissenschaft-und-forschung","status":"publish","type":"post","link":"https:\/\/blogs.fu-berlin.de\/?p=1974","title":{"rendered":"Neu: Wiki zur Kommunikation und Kollaboration in Arbeitsgruppen &#8211; CoCo"},"content":{"rendered":"<h2>CeDiS stellt neue Wiki-Vorlage als Austauschplattform f\u00fcr Arbeitsgruppen zur Verf\u00fcgung<\/h2>\n<h3>Warum eine Austauschplattform f\u00fcr Arbeitsgruppen?<\/h3>\n<figure id=\"attachment_1979\" aria-describedby=\"caption-attachment-1979\" style=\"width: 300px\" class=\"wp-caption alignright\"><a href=\"https:\/\/blogs.fu-berlin.de\/files\/2016\/06\/Forschungswiki_beantragen.png\"><img loading=\"lazy\" decoding=\"async\" class=\"size-medium wp-image-1979\" src=\"https:\/\/blogs.fu-berlin.de\/files\/2016\/06\/Forschungswiki_beantragen-300x169.png\" alt=\"Wikis f\u00fcr Wissenschaft und Forschung\" width=\"300\" height=\"169\" srcset=\"https:\/\/blogs.fu-berlin.de\/files\/2016\/06\/Forschungswiki_beantragen-300x169.png 300w, https:\/\/blogs.fu-berlin.de\/files\/2016\/06\/Forschungswiki_beantragen-768x432.png 768w, https:\/\/blogs.fu-berlin.de\/files\/2016\/06\/Forschungswiki_beantragen-1024x576.png 1024w, https:\/\/blogs.fu-berlin.de\/files\/2016\/06\/Forschungswiki_beantragen.png 1280w\" sizes=\"auto, (max-width: 300px) 85vw, 300px\" \/><\/a><figcaption id=\"caption-attachment-1979\" class=\"wp-caption-text\">Wikis f\u00fcr Wissenschaft und Forschung<\/figcaption><\/figure>\n<p>Arbeitsgruppen arbeiten h\u00e4ufig dezentral und hochschul- bzw. standort\u00fcbergreifend und m\u00fcssen sich daher fachlich und organisatorisch im Projekt besonders gut vernetzen. Um Forschenden an der Freien Universit\u00e4t Berlin, die mit Kolleginnen und Kollegen in gr\u00f6\u00dferen wissenschaftlichen Kontexten kooperieren eine einfach zu nutzende Plattform bereitstellen zu k\u00f6nnen, hat CeDiS im FU-Wiki System eine nutzerfreundliche Plattform (&#8222;<strong>CoCO: Koordination und Kommunikation in Arbeitsgruppen<\/strong>&#8222;) erstellt. Mit dieser Kooperations- und Kommunikationsplattform, die Sie mit einem Klick einrichten k\u00f6nnen, haben Sie die M\u00f6glichkeit, an einer zentralen webbasierten Stelle Ihr gesamtes Projekt zu koordinieren, z.B.<\/p>\n<ul>\n<li>sich transparent zu organisieren, zu kommunizieren und sich auszutauschen,<\/li>\n<li>Dokumente abzulegen,<\/li>\n<li>kollaborativ Forschungsinhalte zu erstellen,<\/li>\n<li>gemeinsame Termine und Kalender zu pflegen,<\/li>\n<li>Veranstaltungen zu planen, Protokolle und To-Do-Listen verwalten.<\/li>\n<\/ul>\n<h3>CeDiS unterst\u00fctzt Sie dabei!<\/h3>\n<p>F\u00fcr all diese Zwecke &#8211; und vieles mehr &#8211; k\u00f6nnen Sie unsere neue Wiki-Plattform (&#8222;CoCo&#8220;) zur Koordination, Organisation und Kommunikation in Arbeitsgruppen nutzen!<br \/>\nHaben wir Ihr Interesse geweckt?<\/p>\n<h3>Weiterf\u00fchrende Informationen<\/h3>\n<p>Hier geht es zu den <a href=\"https:\/\/wikis.fu-berlin.de\/display\/coco\/Startseite\" target=\"_blank\">CoCo-Basisdiensten der Austauschplattform<\/a>.<br \/>\nDer folgende Link f\u00fchrt Sie zu unserer <a href=\"https:\/\/wikis.fu-berlin.de\/x\/4YO4Fg\" target=\"_blank\">Wiki &#8211; Dokumentation<\/a>.<br \/>\nUnsere Wiki &#8211; Selbstlernmodule finden Sie <a href=\"https:\/\/wikis.fu-berlin.de\/x\/4YH9Fw\" target=\"_blank\">hier<\/a>.<\/p>\n<div class=\"shariff shariff-align-flex-start shariff-widget-align-flex-start\"><ul class=\"shariff-buttons theme-default orientation-horizontal buttonsize-medium\"><li class=\"shariff-button twitter shariff-nocustomcolor\" style=\"background-color:#595959\"><a href=\"https:\/\/twitter.com\/share?url=https%3A%2F%2Fblogs.fu-berlin.de%2F%3Fp%3D1974&text=Neu%3A%20Wiki%20zur%20Kommunikation%20und%20Kollaboration%20in%20Arbeitsgruppen%20%E2%80%93%20CoCo\" title=\"Bei X teilen\" aria-label=\"Bei X teilen\" role=\"button\" rel=\"noopener nofollow\" class=\"shariff-link\" style=\"; background-color:#000; color:#fff\" target=\"_blank\"><span class=\"shariff-icon\" style=\"\"><svg width=\"32px\" height=\"20px\" xmlns=\"http:\/\/www.w3.org\/2000\/svg\" viewBox=\"0 0 24 24\"><path fill=\"#000\" d=\"M14.258 10.152L23.176 0h-2.113l-7.747 8.813L7.133 0H0l9.352 13.328L0 23.973h2.113l8.176-9.309 6.531 9.309h7.133zm-2.895 3.293l-.949-1.328L2.875 1.56h3.246l6.086 8.523.945 1.328 7.91 11.078h-3.246zm0 0\"\/><\/svg><\/span><span class=\"shariff-text\">teilen<\/span>&nbsp;<\/a><\/li><li class=\"shariff-button facebook shariff-nocustomcolor\" style=\"background-color:#4273c8\"><a href=\"https:\/\/www.facebook.com\/sharer\/sharer.php?u=https%3A%2F%2Fblogs.fu-berlin.de%2F%3Fp%3D1974\" title=\"Bei Facebook teilen\" aria-label=\"Bei Facebook teilen\" role=\"button\" rel=\"nofollow\" class=\"shariff-link\" style=\"; background-color:#3b5998; color:#fff\" target=\"_blank\"><span class=\"shariff-icon\" style=\"\"><svg width=\"32px\" height=\"20px\" xmlns=\"http:\/\/www.w3.org\/2000\/svg\" viewBox=\"0 0 18 32\"><path fill=\"#3b5998\" d=\"M17.1 0.2v4.7h-2.8q-1.5 0-2.1 0.6t-0.5 1.9v3.4h5.2l-0.7 5.3h-4.5v13.6h-5.5v-13.6h-4.5v-5.3h4.5v-3.9q0-3.3 1.9-5.2t5-1.8q2.6 0 4.1 0.2z\"\/><\/svg><\/span><span class=\"shariff-text\">teilen<\/span>&nbsp;<\/a><\/li><li class=\"shariff-button info shariff-nocustomcolor\" style=\"background-color:#eee\"><a href=\"http:\/\/ct.de\/-2467514\" title=\"Weitere Informationen\" aria-label=\"Weitere Informationen\" role=\"button\" rel=\"noopener \" class=\"shariff-link\" style=\"; background-color:#fff; color:#fff\" target=\"_blank\"><span class=\"shariff-icon\" style=\"\"><svg width=\"32px\" height=\"20px\" xmlns=\"http:\/\/www.w3.org\/2000\/svg\" viewBox=\"0 0 11 32\"><path fill=\"#999\" d=\"M11.4 24v2.3q0 0.5-0.3 0.8t-0.8 0.4h-9.1q-0.5 0-0.8-0.4t-0.4-0.8v-2.3q0-0.5 0.4-0.8t0.8-0.4h1.1v-6.8h-1.1q-0.5 0-0.8-0.4t-0.4-0.8v-2.3q0-0.5 0.4-0.8t0.8-0.4h6.8q0.5 0 0.8 0.4t0.4 0.8v10.3h1.1q0.5 0 0.8 0.4t0.3 0.8zM9.2 3.4v3.4q0 0.5-0.4 0.8t-0.8 0.4h-4.6q-0.4 0-0.8-0.4t-0.4-0.8v-3.4q0-0.4 0.4-0.8t0.8-0.4h4.6q0.5 0 0.8 0.4t0.4 0.8z\"\/><\/svg><\/span><\/a><\/li><\/ul><\/div>","protected":false},"excerpt":{"rendered":"<p>CeDiS stellt neue Wiki-Vorlage als Austauschplattform f\u00fcr Arbeitsgruppen zur Verf\u00fcgung Warum eine Austauschplattform f\u00fcr Arbeitsgruppen? Arbeitsgruppen arbeiten h\u00e4ufig dezentral und hochschul- bzw. standort\u00fcbergreifend und m\u00fcssen sich daher fachlich und organisatorisch im Projekt besonders gut vernetzen. Um Forschenden an der Freien Universit\u00e4t Berlin, die mit Kolleginnen und Kollegen in gr\u00f6\u00dferen wissenschaftlichen Kontexten kooperieren eine einfach zu &hellip; <a href=\"https:\/\/blogs.fu-berlin.de\/?p=1974\" class=\"more-link\"><span class=\"screen-reader-text\">\u201eNeu: Wiki zur Kommunikation und Kollaboration in Arbeitsgruppen &#8211; CoCo\u201c<\/span> weiterlesen<\/a><\/p>\n","protected":false},"author":1,"featured_media":0,"comment_status":"open","ping_status":"closed","sticky":false,"template":"","format":"standard","meta":{"footnotes":""},"categories":[834,236],"tags":[24882],"class_list":["post-1974","post","type-post","status-publish","format-standard","hentry","category-allgemeines1","category-blog","tag-coco"],"_links":{"self":[{"href":"https:\/\/blogs.fu-berlin.de\/index.php?rest_route=\/wp\/v2\/posts\/1974","targetHints":{"allow":["GET"]}}],"collection":[{"href":"https:\/\/blogs.fu-berlin.de\/index.php?rest_route=\/wp\/v2\/posts"}],"about":[{"href":"https:\/\/blogs.fu-berlin.de\/index.php?rest_route=\/wp\/v2\/types\/post"}],"author":[{"embeddable":true,"href":"https:\/\/blogs.fu-berlin.de\/index.php?rest_route=\/wp\/v2\/users\/1"}],"replies":[{"embeddable":true,"href":"https:\/\/blogs.fu-berlin.de\/index.php?rest_route=%2Fwp%2Fv2%2Fcomments&post=1974"}],"version-history":[{"count":10,"href":"https:\/\/blogs.fu-berlin.de\/index.php?rest_route=\/wp\/v2\/posts\/1974\/revisions"}],"predecessor-version":[{"id":2013,"href":"https:\/\/blogs.fu-berlin.de\/index.php?rest_route=\/wp\/v2\/posts\/1974\/revisions\/2013"}],"wp:attachment":[{"href":"https:\/\/blogs.fu-berlin.de\/index.php?rest_route=%2Fwp%2Fv2%2Fmedia&parent=1974"}],"wp:term":[{"taxonomy":"category","embeddable":true,"href":"https:\/\/blogs.fu-berlin.de\/index.php?rest_route=%2Fwp%2Fv2%2Fcategories&post=1974"},{"taxonomy":"post_tag","embeddable":true,"href":"https:\/\/blogs.fu-berlin.de\/index.php?rest_route=%2Fwp%2Fv2%2Ftags&post=1974"}],"curies":[{"name":"wp","href":"https:\/\/api.w.org\/{rel}","templated":true}]}}