{"id":207,"date":"2009-11-18T15:38:58","date_gmt":"2009-11-18T14:38:58","guid":{"rendered":"https:\/\/blogs.fu-berlin.de\/?p=207"},"modified":"2018-11-21T10:19:16","modified_gmt":"2018-11-21T09:19:16","slug":"fu-e-learning-im-tagesspiegel-kanjikreativ","status":"publish","type":"post","link":"https:\/\/blogs.fu-berlin.de\/?p=207","title":{"rendered":"FU E-Learning im Tagesspiegel: Kanjikreativ"},"content":{"rendered":"<p><img loading=\"lazy\" decoding=\"async\" src=\"https:\/\/www.e-learning.fu-berlin.de\/beratung\/foerderprogramm\/foerderpreis\/foerderpreis2007\/Yoriko-Yamada-Bochynek.jpg\" alt=\"\" width=\"140\" height=\"180\" align=\"right\" \/>Das pr\u00e4mierte E-Learning Projekt <a href=\"https:\/\/www.kanjikreativ.com\/\" target=\"_blank\">Kanjikreativ<\/a> der Freien Universi\u00e4t Berlin wird in der aktuellen <a href=\"https:\/\/www.tagesspiegel.de\/zeitung\/Sonderthemen-FU-Berlin-November;art893,2948157\" target=\"_blank\">Sonderbeilage des Tagesspiegel<\/a> ausf\u00fchrlich erw\u00e4hnt und gelobt.<\/p>\n<blockquote><p>1945 Schriftzeichen, die sogenannten Kanji, sind vom japanischen Kultusministerium zum t\u00e4glichen Kommunikationsgebrauch festgelegt. F\u00fcr Europ\u00e4er gleichen sie einem chaotischen Labyrinth aus Strichen, Dreiecken und Quadraten. Und doch seien sie schnell erlernbar: Mithilfe eines Computerprogramms lasse sich das europ\u00e4isch alphabetisierte Gehirn in kurzer Zeit und ohne japanische Sprachkenntnisse \u201ekanji-ieren\u201c. Das sagt Yoriko Yamada-Bochynek vom Ostasiatischen Seminar, Fachrichtung Japanologie an der Freien Universit\u00e4t. Die Wissenschaftlerin hat zusammen mit dem Programmierer Rainer Weihs und der Grafikerin Komatsu Natsumi das Programm zum elektronischen Lernen entwickelt.<br \/>\n(Quelle <a href=\"https:\/\/www.tagesspiegel.de\/zeitung\/Sonderthemen-FU-Berlin-November;art893,2948157\" target=\"_blank\">Tagesspiegel<\/a>)<\/p><\/blockquote>\n<p>Bereits 2007 wurde das Kanji-Team mit dem E-Learning-Preis der Freien Universit\u00e4t in der Kategorie \u201eEinsatz in der Lehre\u201c ausgezeichnet.\u00a0 Seitdem k\u00f6nnen Studierende der Ostasienwissenschaften den Kurs \u201eKanjiKreativ\u201c an der Freien Universit\u00e4t besuchen. Lehrende k\u00f6nnen und sollen durch das Programm nicht ersetzt werden. Der KanjiKreativ-Kurs setzt deshalb das sogenannte Blended Learning ein.<\/p>\n<div class=\"shariff shariff-align-flex-start shariff-widget-align-flex-start\"><ul class=\"shariff-buttons theme-default orientation-horizontal buttonsize-medium\"><li class=\"shariff-button twitter shariff-nocustomcolor\" style=\"background-color:#595959\"><a href=\"https:\/\/twitter.com\/share?url=https%3A%2F%2Fblogs.fu-berlin.de%2F%3Fp%3D207&text=FU%20E-Learning%20im%20Tagesspiegel%3A%20Kanjikreativ\" title=\"Bei X teilen\" aria-label=\"Bei X teilen\" role=\"button\" rel=\"noopener nofollow\" class=\"shariff-link\" style=\"; background-color:#000; color:#fff\" target=\"_blank\"><span class=\"shariff-icon\" style=\"\"><svg width=\"32px\" height=\"20px\" xmlns=\"http:\/\/www.w3.org\/2000\/svg\" viewBox=\"0 0 24 24\"><path fill=\"#000\" d=\"M14.258 10.152L23.176 0h-2.113l-7.747 8.813L7.133 0H0l9.352 13.328L0 23.973h2.113l8.176-9.309 6.531 9.309h7.133zm-2.895 3.293l-.949-1.328L2.875 1.56h3.246l6.086 8.523.945 1.328 7.91 11.078h-3.246zm0 0\"\/><\/svg><\/span><span class=\"shariff-text\">teilen<\/span>&nbsp;<\/a><\/li><li class=\"shariff-button facebook shariff-nocustomcolor\" style=\"background-color:#4273c8\"><a href=\"https:\/\/www.facebook.com\/sharer\/sharer.php?u=https%3A%2F%2Fblogs.fu-berlin.de%2F%3Fp%3D207\" title=\"Bei Facebook teilen\" aria-label=\"Bei Facebook teilen\" role=\"button\" rel=\"nofollow\" class=\"shariff-link\" style=\"; background-color:#3b5998; color:#fff\" target=\"_blank\"><span class=\"shariff-icon\" style=\"\"><svg width=\"32px\" height=\"20px\" xmlns=\"http:\/\/www.w3.org\/2000\/svg\" viewBox=\"0 0 18 32\"><path fill=\"#3b5998\" d=\"M17.1 0.2v4.7h-2.8q-1.5 0-2.1 0.6t-0.5 1.9v3.4h5.2l-0.7 5.3h-4.5v13.6h-5.5v-13.6h-4.5v-5.3h4.5v-3.9q0-3.3 1.9-5.2t5-1.8q2.6 0 4.1 0.2z\"\/><\/svg><\/span><span class=\"shariff-text\">teilen<\/span>&nbsp;<\/a><\/li><li class=\"shariff-button info shariff-nocustomcolor\" style=\"background-color:#eee\"><a href=\"http:\/\/ct.de\/-2467514\" title=\"Weitere Informationen\" aria-label=\"Weitere Informationen\" role=\"button\" rel=\"noopener \" class=\"shariff-link\" style=\"; background-color:#fff; color:#fff\" target=\"_blank\"><span class=\"shariff-icon\" style=\"\"><svg width=\"32px\" height=\"20px\" xmlns=\"http:\/\/www.w3.org\/2000\/svg\" viewBox=\"0 0 11 32\"><path fill=\"#999\" d=\"M11.4 24v2.3q0 0.5-0.3 0.8t-0.8 0.4h-9.1q-0.5 0-0.8-0.4t-0.4-0.8v-2.3q0-0.5 0.4-0.8t0.8-0.4h1.1v-6.8h-1.1q-0.5 0-0.8-0.4t-0.4-0.8v-2.3q0-0.5 0.4-0.8t0.8-0.4h6.8q0.5 0 0.8 0.4t0.4 0.8v10.3h1.1q0.5 0 0.8 0.4t0.3 0.8zM9.2 3.4v3.4q0 0.5-0.4 0.8t-0.8 0.4h-4.6q-0.4 0-0.8-0.4t-0.4-0.8v-3.4q0-0.4 0.4-0.8t0.8-0.4h4.6q0.5 0 0.8 0.4t0.4 0.8z\"\/><\/svg><\/span><\/a><\/li><\/ul><\/div>","protected":false},"excerpt":{"rendered":"<p>Das pr\u00e4mierte E-Learning Projekt Kanjikreativ der Freien Universi\u00e4t Berlin wird in der aktuellen Sonderbeilage des Tagesspiegel ausf\u00fchrlich erw\u00e4hnt und gelobt. 1945 Schriftzeichen, die sogenannten Kanji, sind vom japanischen Kultusministerium zum t\u00e4glichen Kommunikationsgebrauch festgelegt. F\u00fcr Europ\u00e4er gleichen sie einem chaotischen Labyrinth aus Strichen, Dreiecken und Quadraten. Und doch seien sie schnell erlernbar: Mithilfe eines Computerprogramms lasse &hellip; <a href=\"https:\/\/blogs.fu-berlin.de\/?p=207\" class=\"more-link\"><span class=\"screen-reader-text\">\u201eFU E-Learning im Tagesspiegel: Kanjikreativ\u201c<\/span> weiterlesen<\/a><\/p>\n","protected":false},"author":5,"featured_media":0,"comment_status":"open","ping_status":"closed","sticky":false,"template":"","format":"standard","meta":{"footnotes":""},"categories":[236,402],"tags":[],"class_list":["post-207","post","type-post","status-publish","format-standard","hentry","category-blog","category-presse"],"_links":{"self":[{"href":"https:\/\/blogs.fu-berlin.de\/index.php?rest_route=\/wp\/v2\/posts\/207","targetHints":{"allow":["GET"]}}],"collection":[{"href":"https:\/\/blogs.fu-berlin.de\/index.php?rest_route=\/wp\/v2\/posts"}],"about":[{"href":"https:\/\/blogs.fu-berlin.de\/index.php?rest_route=\/wp\/v2\/types\/post"}],"author":[{"embeddable":true,"href":"https:\/\/blogs.fu-berlin.de\/index.php?rest_route=\/wp\/v2\/users\/5"}],"replies":[{"embeddable":true,"href":"https:\/\/blogs.fu-berlin.de\/index.php?rest_route=%2Fwp%2Fv2%2Fcomments&post=207"}],"version-history":[{"count":9,"href":"https:\/\/blogs.fu-berlin.de\/index.php?rest_route=\/wp\/v2\/posts\/207\/revisions"}],"predecessor-version":[{"id":2525,"href":"https:\/\/blogs.fu-berlin.de\/index.php?rest_route=\/wp\/v2\/posts\/207\/revisions\/2525"}],"wp:attachment":[{"href":"https:\/\/blogs.fu-berlin.de\/index.php?rest_route=%2Fwp%2Fv2%2Fmedia&parent=207"}],"wp:term":[{"taxonomy":"category","embeddable":true,"href":"https:\/\/blogs.fu-berlin.de\/index.php?rest_route=%2Fwp%2Fv2%2Fcategories&post=207"},{"taxonomy":"post_tag","embeddable":true,"href":"https:\/\/blogs.fu-berlin.de\/index.php?rest_route=%2Fwp%2Fv2%2Ftags&post=207"}],"curies":[{"name":"wp","href":"https:\/\/api.w.org\/{rel}","templated":true}]}}