{"id":2106,"date":"2017-03-01T10:58:53","date_gmt":"2017-03-01T09:58:53","guid":{"rendered":"https:\/\/blogs.fu-berlin.de\/?p=2106"},"modified":"2018-11-21T10:19:12","modified_gmt":"2018-11-21T09:19:12","slug":"fu-blogs-im-neuen-design","status":"publish","type":"post","link":"https:\/\/blogs.fu-berlin.de\/?p=2106","title":{"rendered":"FU Blogs im neuen Design"},"content":{"rendered":"<p>Liebe Kolleginnen und Kollegen, Leserinnen und Leser, Bloggerinnen und Blogger,<\/p>\n<p>es ist kaum zu \u00fcbersehen: Das Layout des zentralen Blogsystem der Freien Universit\u00e4t Berlin hat sich ver\u00e4ndert. Seit dieser Woche werden die Blogs der FU auf ein responsives Design umgestellt. &#8222;Responsives Design&#8220; bedeutet die Anpassung des gestalterischen Layouts einer Webseite an die Eigenschaften des Endger\u00e4ts, mit dem sie aufgerufen wird. Durch das Update werden die Blogs der Freien Universit\u00e4t also f\u00fcr verschiedene Bildschirmgr\u00f6\u00dfen und -aufl\u00f6sungen optimiert und die Nutzung auf mobilen Ger\u00e4ten, aber auch auf gro\u00dfen Bildschirmen deutlich verbessert.<\/p>\n<p>Fotos und Texte, die bislang auf Smartphones oder Tablets im Blog so klein dargestellt wurden, dass sie kaum lesbar waren, geh\u00f6ren nun auf den zentralen Blogseiten der Freien Universit\u00e4t der Vergangenheit an. Durch die neue Responsive-Technik wird die Darstellung der aufgerufenen Blogseiten automatisch an die verschiedenen Ger\u00e4te-Displaygr\u00f6\u00dfen der Leserinnen und Leser angepasst. Je nach verwendetem Endger\u00e4t werden Inhalts-, Bild- und Men\u00fcelemente angepasst und neu angeordnet dargestellt. Vom kleinen Smartphone \u00fcber ein gr\u00f6\u00dferes Tablet bis hin zum Desktop-Bildschirm erscheinen die Inhalte jetzt optimiert, gut lesbar und ansprechend dargestellt.<\/p>\n<p><strong>Probieren Sie es gerne selbst einmal aus und schauen Sie sich die Startseite dieses Blogs mit verschiedenen Ger\u00e4ten an!<\/strong><\/p>\n<p>Zum Beginn werden erste zentrale Blogseiten (wie dieses) der Freien Universit\u00e4t auf das neue Layout umgestellt. Wir werden das neue Design jedoch sukzessive in den n\u00e4chsten Tagen und Wochen auf alle Blogs der Freien Universit\u00e4t Berlin anwenden. Dar\u00fcber hinaus haben Sie auch jetzt schon die M\u00f6glichkeit, Ihr eigenes FU Blog manuell auf das neue Layout umzustellen. Ein kurzes Tutorial, wie Sie vorgehen k\u00f6nnen und was Sie beachten sollten, folgt in einem &#8211;\u00a0 in K\u00fcrze erscheinenden\u00a0&#8211; Beitrag hier im Blog!<\/p>\n<p>Wir w\u00fcnschen Ihnen schon jetzt viel Freude beim Bloggen und Lesen der \u201eneuen\u201c FU-Blogs!<\/p>\n<div class=\"shariff shariff-align-flex-start shariff-widget-align-flex-start\"><ul class=\"shariff-buttons theme-default orientation-horizontal buttonsize-medium\"><li class=\"shariff-button twitter shariff-nocustomcolor\" style=\"background-color:#595959\"><a href=\"https:\/\/twitter.com\/share?url=https%3A%2F%2Fblogs.fu-berlin.de%2F%3Fp%3D2106&text=FU%20Blogs%20im%20neuen%20Design\" title=\"Bei X teilen\" aria-label=\"Bei X teilen\" role=\"button\" rel=\"noopener nofollow\" class=\"shariff-link\" style=\"; background-color:#000; color:#fff\" target=\"_blank\"><span class=\"shariff-icon\" style=\"\"><svg width=\"32px\" height=\"20px\" xmlns=\"http:\/\/www.w3.org\/2000\/svg\" viewBox=\"0 0 24 24\"><path fill=\"#000\" d=\"M14.258 10.152L23.176 0h-2.113l-7.747 8.813L7.133 0H0l9.352 13.328L0 23.973h2.113l8.176-9.309 6.531 9.309h7.133zm-2.895 3.293l-.949-1.328L2.875 1.56h3.246l6.086 8.523.945 1.328 7.91 11.078h-3.246zm0 0\"\/><\/svg><\/span><span class=\"shariff-text\">teilen<\/span>&nbsp;<\/a><\/li><li class=\"shariff-button facebook shariff-nocustomcolor\" style=\"background-color:#4273c8\"><a href=\"https:\/\/www.facebook.com\/sharer\/sharer.php?u=https%3A%2F%2Fblogs.fu-berlin.de%2F%3Fp%3D2106\" title=\"Bei Facebook teilen\" aria-label=\"Bei Facebook teilen\" role=\"button\" rel=\"nofollow\" class=\"shariff-link\" style=\"; background-color:#3b5998; color:#fff\" target=\"_blank\"><span class=\"shariff-icon\" style=\"\"><svg width=\"32px\" height=\"20px\" xmlns=\"http:\/\/www.w3.org\/2000\/svg\" viewBox=\"0 0 18 32\"><path fill=\"#3b5998\" d=\"M17.1 0.2v4.7h-2.8q-1.5 0-2.1 0.6t-0.5 1.9v3.4h5.2l-0.7 5.3h-4.5v13.6h-5.5v-13.6h-4.5v-5.3h4.5v-3.9q0-3.3 1.9-5.2t5-1.8q2.6 0 4.1 0.2z\"\/><\/svg><\/span><span class=\"shariff-text\">teilen<\/span>&nbsp;<\/a><\/li><li class=\"shariff-button info shariff-nocustomcolor\" style=\"background-color:#eee\"><a href=\"http:\/\/ct.de\/-2467514\" title=\"Weitere Informationen\" aria-label=\"Weitere Informationen\" role=\"button\" rel=\"noopener \" class=\"shariff-link\" style=\"; background-color:#fff; color:#fff\" target=\"_blank\"><span class=\"shariff-icon\" style=\"\"><svg width=\"32px\" height=\"20px\" xmlns=\"http:\/\/www.w3.org\/2000\/svg\" viewBox=\"0 0 11 32\"><path fill=\"#999\" d=\"M11.4 24v2.3q0 0.5-0.3 0.8t-0.8 0.4h-9.1q-0.5 0-0.8-0.4t-0.4-0.8v-2.3q0-0.5 0.4-0.8t0.8-0.4h1.1v-6.8h-1.1q-0.5 0-0.8-0.4t-0.4-0.8v-2.3q0-0.5 0.4-0.8t0.8-0.4h6.8q0.5 0 0.8 0.4t0.4 0.8v10.3h1.1q0.5 0 0.8 0.4t0.3 0.8zM9.2 3.4v3.4q0 0.5-0.4 0.8t-0.8 0.4h-4.6q-0.4 0-0.8-0.4t-0.4-0.8v-3.4q0-0.4 0.4-0.8t0.8-0.4h4.6q0.5 0 0.8 0.4t0.4 0.8z\"\/><\/svg><\/span><\/a><\/li><\/ul><\/div>","protected":false},"excerpt":{"rendered":"<p>Liebe Kolleginnen und Kollegen, Leserinnen und Leser, Bloggerinnen und Blogger, es ist kaum zu \u00fcbersehen: Das Layout des zentralen Blogsystem der Freien Universit\u00e4t Berlin hat sich ver\u00e4ndert. Seit dieser Woche werden die Blogs der FU auf ein responsives Design umgestellt. &#8222;Responsives Design&#8220; bedeutet die Anpassung des gestalterischen Layouts einer Webseite an die Eigenschaften des Endger\u00e4ts, &hellip; <a href=\"https:\/\/blogs.fu-berlin.de\/?p=2106\" class=\"more-link\"><span class=\"screen-reader-text\">\u201eFU Blogs im neuen Design\u201c<\/span> weiterlesen<\/a><\/p>\n","protected":false},"author":5,"featured_media":0,"comment_status":"open","ping_status":"closed","sticky":false,"template":"","format":"standard","meta":{"footnotes":""},"categories":[1,236],"tags":[],"class_list":["post-2106","post","type-post","status-publish","format-standard","hentry","category-uncategorized","category-blog"],"_links":{"self":[{"href":"https:\/\/blogs.fu-berlin.de\/index.php?rest_route=\/wp\/v2\/posts\/2106","targetHints":{"allow":["GET"]}}],"collection":[{"href":"https:\/\/blogs.fu-berlin.de\/index.php?rest_route=\/wp\/v2\/posts"}],"about":[{"href":"https:\/\/blogs.fu-berlin.de\/index.php?rest_route=\/wp\/v2\/types\/post"}],"author":[{"embeddable":true,"href":"https:\/\/blogs.fu-berlin.de\/index.php?rest_route=\/wp\/v2\/users\/5"}],"replies":[{"embeddable":true,"href":"https:\/\/blogs.fu-berlin.de\/index.php?rest_route=%2Fwp%2Fv2%2Fcomments&post=2106"}],"version-history":[{"count":5,"href":"https:\/\/blogs.fu-berlin.de\/index.php?rest_route=\/wp\/v2\/posts\/2106\/revisions"}],"predecessor-version":[{"id":2113,"href":"https:\/\/blogs.fu-berlin.de\/index.php?rest_route=\/wp\/v2\/posts\/2106\/revisions\/2113"}],"wp:attachment":[{"href":"https:\/\/blogs.fu-berlin.de\/index.php?rest_route=%2Fwp%2Fv2%2Fmedia&parent=2106"}],"wp:term":[{"taxonomy":"category","embeddable":true,"href":"https:\/\/blogs.fu-berlin.de\/index.php?rest_route=%2Fwp%2Fv2%2Fcategories&post=2106"},{"taxonomy":"post_tag","embeddable":true,"href":"https:\/\/blogs.fu-berlin.de\/index.php?rest_route=%2Fwp%2Fv2%2Ftags&post=2106"}],"curies":[{"name":"wp","href":"https:\/\/api.w.org\/{rel}","templated":true}]}}