{"id":2180,"date":"2017-06-12T12:45:21","date_gmt":"2017-06-12T10:45:21","guid":{"rendered":"https:\/\/blogs.fu-berlin.de\/?p=2180"},"modified":"2018-11-21T10:19:12","modified_gmt":"2018-11-21T09:19:12","slug":"umstellung-auf-responsives-design-navigationsmenue-wiederherstellen","status":"publish","type":"post","link":"https:\/\/blogs.fu-berlin.de\/?p=2180","title":{"rendered":"Umstellung auf responsives Design: Navigationsmen\u00fc wiederherstellen"},"content":{"rendered":"<p>Mit der Umstellung auf das neue, responsive Blogdesign kann es leider passieren, dass Ihr bisheriges Navigationsmen\u00fc unterhalb des Headerbereichs ausgeblendet ist. Damit Sie Ihr bisheriges Men\u00fc auch im neuen Design nutzen zu k\u00f6nnen, sind nur wenige Klicks notwendig.<\/p>\n<p>In diesem Beitrag m\u00f6chten wir Ihnen erkl\u00e4ren, wie Sie das bisherige Men\u00fc wieder einblenden k\u00f6nnen.<\/p>\n<p>Ihr bisheriges Men\u00fc wurde bislang unterhalb des Headerbildes angezeigt.<\/p>\n<figure id=\"attachment_2183\" aria-describedby=\"caption-attachment-2183\" style=\"width: 718px\" class=\"wp-caption alignnone\"><a href=\"https:\/\/blogs.fu-berlin.de\/files\/2017\/06\/men\u00fc_bisher.jpg\"><img loading=\"lazy\" decoding=\"async\" class=\"wp-image-2183 size-full\" src=\"https:\/\/blogs.fu-berlin.de\/files\/2017\/06\/men\u00fc_bisher.jpg\" alt=\"bisheriges Men\u00fc\" width=\"718\" height=\"454\" srcset=\"https:\/\/blogs.fu-berlin.de\/files\/2017\/06\/men\u00fc_bisher.jpg 718w, https:\/\/blogs.fu-berlin.de\/files\/2017\/06\/men\u00fc_bisher-300x190.jpg 300w\" sizes=\"auto, (max-width: 709px) 85vw, (max-width: 909px) 67vw, (max-width: 984px) 61vw, (max-width: 1362px) 45vw, 600px\" \/><\/a><figcaption id=\"caption-attachment-2183\" class=\"wp-caption-text\">bisheriges Men\u00fc<\/figcaption><\/figure>\n<p style=\"text-align: left;\">Im neuen Design erscheint u.U. Ihr bisheriges Navigationsmen\u00fc nicht. Sie m\u00fcssen dieses erneut aktivieren. W\u00e4hlen Sie hierf\u00fcr unter <strong>&#8222;Design&#8220; &#8211; &#8222;Men\u00fc&#8220;<\/strong> Ihr bisheriges Design bzw. erstellen Sie ggf. ein neues Men\u00fc. (Hilfe: <a href=\"https:\/\/blogs.fu-berlin.de\/blogschulung\/2013\/12\/03\/eigenes-menu-erstellen\/\">Erstellen eines eigenen Men\u00fcs<\/a>)<\/p>\n<p><!--more--><\/p>\n<figure id=\"attachment_2185\" aria-describedby=\"caption-attachment-2185\" style=\"width: 840px\" class=\"wp-caption alignnone\"><a href=\"https:\/\/blogs.fu-berlin.de\/files\/2017\/06\/men\u00fc_aktivieren1.jpg\"><img loading=\"lazy\" decoding=\"async\" class=\"wp-image-2185 size-large\" src=\"https:\/\/blogs.fu-berlin.de\/files\/2017\/06\/men\u00fc_aktivieren1-1024x542.jpg\" alt=\"Men\u00fc aktivieren1\" width=\"840\" height=\"445\" srcset=\"https:\/\/blogs.fu-berlin.de\/files\/2017\/06\/men\u00fc_aktivieren1-1024x542.jpg 1024w, https:\/\/blogs.fu-berlin.de\/files\/2017\/06\/men\u00fc_aktivieren1-300x159.jpg 300w, https:\/\/blogs.fu-berlin.de\/files\/2017\/06\/men\u00fc_aktivieren1-768x407.jpg 768w, https:\/\/blogs.fu-berlin.de\/files\/2017\/06\/men\u00fc_aktivieren1-1200x636.jpg 1200w, https:\/\/blogs.fu-berlin.de\/files\/2017\/06\/men\u00fc_aktivieren1.jpg 1333w\" sizes=\"auto, (max-width: 709px) 85vw, (max-width: 909px) 67vw, (max-width: 1362px) 62vw, 840px\" \/><\/a><figcaption id=\"caption-attachment-2185\" class=\"wp-caption-text\">Men\u00fc aktivieren 1<\/figcaption><\/figure>\n<p style=\"text-align: left;\">Um das Men\u00fc zu aktivieren, w\u00e4hlen Sie unter <strong>&#8222;Design&#8220; &#8211; &#8222;Men\u00fcs&#8220;<\/strong> den Reiter <strong>&#8222;Positionen verwalten&#8220;<\/strong>. W\u00e4hlen Sie nun Ihr Men\u00fc als <strong>&#8222;Prim\u00e4res Men\u00fc&#8220;<\/strong> aus und \u00fcbernehmen Sie die \u00c4nderungen.<\/p>\n<figure id=\"attachment_2186\" aria-describedby=\"caption-attachment-2186\" style=\"width: 709px\" class=\"wp-caption alignnone\"><a href=\"https:\/\/blogs.fu-berlin.de\/files\/2017\/06\/men\u00fc_aktivieren2.jpg\"><img loading=\"lazy\" decoding=\"async\" class=\"wp-image-2186 size-full\" src=\"https:\/\/blogs.fu-berlin.de\/files\/2017\/06\/men\u00fc_aktivieren2.jpg\" alt=\"Men\u00fc aktivieren2\" width=\"709\" height=\"285\" srcset=\"https:\/\/blogs.fu-berlin.de\/files\/2017\/06\/men\u00fc_aktivieren2.jpg 709w, https:\/\/blogs.fu-berlin.de\/files\/2017\/06\/men\u00fc_aktivieren2-300x121.jpg 300w\" sizes=\"auto, (max-width: 709px) 85vw, (max-width: 909px) 67vw, (max-width: 984px) 61vw, (max-width: 1362px) 45vw, 600px\" \/><\/a><figcaption id=\"caption-attachment-2186\" class=\"wp-caption-text\">Men\u00fc aktivieren 2<\/figcaption><\/figure>\n<p style=\"text-align: left;\">Speichern Sie Ihre \u00c4nderungen unter schauen Sie sich nun Ihr Blog in der Webansicht an. Das neue Men\u00fc erscheint nun oberhalb des Headerbereichs.<\/p>\n<figure id=\"attachment_2187\" aria-describedby=\"caption-attachment-2187\" style=\"width: 840px\" class=\"wp-caption alignnone\"><a href=\"https:\/\/blogs.fu-berlin.de\/files\/2017\/06\/men\u00fc_aktivieret.jpg\"><img loading=\"lazy\" decoding=\"async\" class=\"wp-image-2187 size-large\" src=\"https:\/\/blogs.fu-berlin.de\/files\/2017\/06\/men\u00fc_aktivieret-1024x838.jpg\" alt=\"Men\u00fc aktiviert\" width=\"840\" height=\"687\" srcset=\"https:\/\/blogs.fu-berlin.de\/files\/2017\/06\/men\u00fc_aktivieret-1024x838.jpg 1024w, https:\/\/blogs.fu-berlin.de\/files\/2017\/06\/men\u00fc_aktivieret-300x246.jpg 300w, https:\/\/blogs.fu-berlin.de\/files\/2017\/06\/men\u00fc_aktivieret-768x629.jpg 768w, https:\/\/blogs.fu-berlin.de\/files\/2017\/06\/men\u00fc_aktivieret.jpg 1197w\" sizes=\"auto, (max-width: 709px) 85vw, (max-width: 909px) 67vw, (max-width: 1362px) 62vw, 840px\" \/><\/a><figcaption id=\"caption-attachment-2187\" class=\"wp-caption-text\">Men\u00fc aktiviert<\/figcaption><\/figure>\n<div class=\"shariff shariff-align-flex-start shariff-widget-align-flex-start\"><ul class=\"shariff-buttons theme-default orientation-horizontal buttonsize-medium\"><li class=\"shariff-button twitter shariff-nocustomcolor\" style=\"background-color:#595959\"><a href=\"https:\/\/twitter.com\/share?url=https%3A%2F%2Fblogs.fu-berlin.de%2F%3Fp%3D2180&text=Umstellung%20auf%20responsives%20Design%3A%20Navigationsmen%C3%BC%20wiederherstellen\" title=\"Bei X teilen\" aria-label=\"Bei X teilen\" role=\"button\" rel=\"noopener nofollow\" class=\"shariff-link\" style=\"; background-color:#000; color:#fff\" target=\"_blank\"><span class=\"shariff-icon\" style=\"\"><svg width=\"32px\" height=\"20px\" xmlns=\"http:\/\/www.w3.org\/2000\/svg\" viewBox=\"0 0 24 24\"><path fill=\"#000\" d=\"M14.258 10.152L23.176 0h-2.113l-7.747 8.813L7.133 0H0l9.352 13.328L0 23.973h2.113l8.176-9.309 6.531 9.309h7.133zm-2.895 3.293l-.949-1.328L2.875 1.56h3.246l6.086 8.523.945 1.328 7.91 11.078h-3.246zm0 0\"\/><\/svg><\/span><span class=\"shariff-text\">teilen<\/span>&nbsp;<\/a><\/li><li class=\"shariff-button facebook shariff-nocustomcolor\" style=\"background-color:#4273c8\"><a href=\"https:\/\/www.facebook.com\/sharer\/sharer.php?u=https%3A%2F%2Fblogs.fu-berlin.de%2F%3Fp%3D2180\" title=\"Bei Facebook teilen\" aria-label=\"Bei Facebook teilen\" role=\"button\" rel=\"nofollow\" class=\"shariff-link\" style=\"; background-color:#3b5998; color:#fff\" target=\"_blank\"><span class=\"shariff-icon\" style=\"\"><svg width=\"32px\" height=\"20px\" xmlns=\"http:\/\/www.w3.org\/2000\/svg\" viewBox=\"0 0 18 32\"><path fill=\"#3b5998\" d=\"M17.1 0.2v4.7h-2.8q-1.5 0-2.1 0.6t-0.5 1.9v3.4h5.2l-0.7 5.3h-4.5v13.6h-5.5v-13.6h-4.5v-5.3h4.5v-3.9q0-3.3 1.9-5.2t5-1.8q2.6 0 4.1 0.2z\"\/><\/svg><\/span><span class=\"shariff-text\">teilen<\/span>&nbsp;<\/a><\/li><li class=\"shariff-button info shariff-nocustomcolor\" style=\"background-color:#eee\"><a href=\"http:\/\/ct.de\/-2467514\" title=\"Weitere Informationen\" aria-label=\"Weitere Informationen\" role=\"button\" rel=\"noopener \" class=\"shariff-link\" style=\"; background-color:#fff; color:#fff\" target=\"_blank\"><span class=\"shariff-icon\" style=\"\"><svg width=\"32px\" height=\"20px\" xmlns=\"http:\/\/www.w3.org\/2000\/svg\" viewBox=\"0 0 11 32\"><path fill=\"#999\" d=\"M11.4 24v2.3q0 0.5-0.3 0.8t-0.8 0.4h-9.1q-0.5 0-0.8-0.4t-0.4-0.8v-2.3q0-0.5 0.4-0.8t0.8-0.4h1.1v-6.8h-1.1q-0.5 0-0.8-0.4t-0.4-0.8v-2.3q0-0.5 0.4-0.8t0.8-0.4h6.8q0.5 0 0.8 0.4t0.4 0.8v10.3h1.1q0.5 0 0.8 0.4t0.3 0.8zM9.2 3.4v3.4q0 0.5-0.4 0.8t-0.8 0.4h-4.6q-0.4 0-0.8-0.4t-0.4-0.8v-3.4q0-0.4 0.4-0.8t0.8-0.4h4.6q0.5 0 0.8 0.4t0.4 0.8z\"\/><\/svg><\/span><\/a><\/li><\/ul><\/div>","protected":false},"excerpt":{"rendered":"<p>Mit der Umstellung auf das neue, responsive Blogdesign kann es leider passieren, dass Ihr bisheriges Navigationsmen\u00fc unterhalb des Headerbereichs ausgeblendet ist. Damit Sie Ihr bisheriges Men\u00fc auch im neuen Design nutzen zu k\u00f6nnen, sind nur wenige Klicks notwendig. In diesem Beitrag m\u00f6chten wir Ihnen erkl\u00e4ren, wie Sie das bisherige Men\u00fc wieder einblenden k\u00f6nnen. Ihr bisheriges &hellip; <a href=\"https:\/\/blogs.fu-berlin.de\/?p=2180\" class=\"more-link\"><span class=\"screen-reader-text\">\u201eUmstellung auf responsives Design: Navigationsmen\u00fc wiederherstellen\u201c<\/span> weiterlesen<\/a><\/p>\n","protected":false},"author":5,"featured_media":0,"comment_status":"open","ping_status":"closed","sticky":false,"template":"","format":"standard","meta":{"footnotes":""},"categories":[236,80,1619,346],"tags":[75],"class_list":["post-2180","post","type-post","status-publish","format-standard","hentry","category-blog","category-technik","category-tipps","category-tutorials","tag-wordpress"],"_links":{"self":[{"href":"https:\/\/blogs.fu-berlin.de\/index.php?rest_route=\/wp\/v2\/posts\/2180","targetHints":{"allow":["GET"]}}],"collection":[{"href":"https:\/\/blogs.fu-berlin.de\/index.php?rest_route=\/wp\/v2\/posts"}],"about":[{"href":"https:\/\/blogs.fu-berlin.de\/index.php?rest_route=\/wp\/v2\/types\/post"}],"author":[{"embeddable":true,"href":"https:\/\/blogs.fu-berlin.de\/index.php?rest_route=\/wp\/v2\/users\/5"}],"replies":[{"embeddable":true,"href":"https:\/\/blogs.fu-berlin.de\/index.php?rest_route=%2Fwp%2Fv2%2Fcomments&post=2180"}],"version-history":[{"count":23,"href":"https:\/\/blogs.fu-berlin.de\/index.php?rest_route=\/wp\/v2\/posts\/2180\/revisions"}],"predecessor-version":[{"id":2224,"href":"https:\/\/blogs.fu-berlin.de\/index.php?rest_route=\/wp\/v2\/posts\/2180\/revisions\/2224"}],"wp:attachment":[{"href":"https:\/\/blogs.fu-berlin.de\/index.php?rest_route=%2Fwp%2Fv2%2Fmedia&parent=2180"}],"wp:term":[{"taxonomy":"category","embeddable":true,"href":"https:\/\/blogs.fu-berlin.de\/index.php?rest_route=%2Fwp%2Fv2%2Fcategories&post=2180"},{"taxonomy":"post_tag","embeddable":true,"href":"https:\/\/blogs.fu-berlin.de\/index.php?rest_route=%2Fwp%2Fv2%2Ftags&post=2180"}],"curies":[{"name":"wp","href":"https:\/\/api.w.org\/{rel}","templated":true}]}}