{"id":255,"date":"2009-12-17T11:32:16","date_gmt":"2009-12-17T10:32:16","guid":{"rendered":"https:\/\/blogs.fu-berlin.de\/?p=255"},"modified":"2018-11-21T10:19:16","modified_gmt":"2018-11-21T09:19:16","slug":"gml-tagung-2010-an-der-freien-universitat","status":"publish","type":"post","link":"https:\/\/blogs.fu-berlin.de\/?p=255","title":{"rendered":"GML-Tagung 2010 an der Freien Universit\u00e4t"},"content":{"rendered":"<p>Im Jahr 2010 findet erneut die Tagung \u201cGML2 \u2013 Grundfragen Multimedialen Lehrens und Lernens\u201d an der Freien Universit\u00e4t Berlin statt. Die Tagung im M\u00e4rz 2010 steht unter dem Motto \u201cE-Kooperationen und E-Praxis\u201d.<\/p>\n<p><strong>Call for Papers<\/strong><br \/>\nDer Call for Papers \/ Poster (pdf) wurde vor wenigen Tagen an die E-Learning-Community verschickt und die Organisatoren hoffen nun auf vielf\u00e4ltige und interessante Einreichungen. Die Frist zur Einreichung endet am 17. Januar 2010. Das \u00fcbergreifende Thema der GML2-Tagung vom 11. bis 12. M\u00e4rz 2010 lautet \u201cE-Kooperationen und E-Praxis\u201d. Innovative und interaktive Veranstaltungsformate wie z. B. Thementische im Forum, Vortr\u00e4ge und Diskussionen im Plenum sowie Ausstellungsbeitr\u00e4ge sollen die Veranstaltung bereichern.<\/p>\n<p><strong>Weitere Informationen<\/strong><br \/>\n<a href=\"https:\/\/www.gml-2010.de\/\">Website zur GML2-Tagung<\/a><br \/>\n<a href=\"https:\/\/www.e-learning.fu-berlin.de\/veranstaltungen\/media\/GML2010_Call_for_Papers.pdf\">Der Call for Papers \/ Poster zum Download (pdf)<\/a><\/p>\n<div class=\"shariff shariff-align-flex-start shariff-widget-align-flex-start\"><ul class=\"shariff-buttons theme-default orientation-horizontal buttonsize-medium\"><li class=\"shariff-button twitter shariff-nocustomcolor\" style=\"background-color:#595959\"><a href=\"https:\/\/twitter.com\/share?url=https%3A%2F%2Fblogs.fu-berlin.de%2F%3Fp%3D255&text=GML-Tagung%202010%20an%20der%20Freien%20Universit%C3%A4t\" title=\"Bei X teilen\" aria-label=\"Bei X teilen\" role=\"button\" rel=\"noopener nofollow\" class=\"shariff-link\" style=\"; background-color:#000; color:#fff\" target=\"_blank\"><span class=\"shariff-icon\" style=\"\"><svg width=\"32px\" height=\"20px\" xmlns=\"http:\/\/www.w3.org\/2000\/svg\" viewBox=\"0 0 24 24\"><path fill=\"#000\" d=\"M14.258 10.152L23.176 0h-2.113l-7.747 8.813L7.133 0H0l9.352 13.328L0 23.973h2.113l8.176-9.309 6.531 9.309h7.133zm-2.895 3.293l-.949-1.328L2.875 1.56h3.246l6.086 8.523.945 1.328 7.91 11.078h-3.246zm0 0\"\/><\/svg><\/span><span class=\"shariff-text\">teilen<\/span>&nbsp;<\/a><\/li><li class=\"shariff-button facebook shariff-nocustomcolor\" style=\"background-color:#4273c8\"><a href=\"https:\/\/www.facebook.com\/sharer\/sharer.php?u=https%3A%2F%2Fblogs.fu-berlin.de%2F%3Fp%3D255\" title=\"Bei Facebook teilen\" aria-label=\"Bei Facebook teilen\" role=\"button\" rel=\"nofollow\" class=\"shariff-link\" style=\"; background-color:#3b5998; color:#fff\" target=\"_blank\"><span class=\"shariff-icon\" style=\"\"><svg width=\"32px\" height=\"20px\" xmlns=\"http:\/\/www.w3.org\/2000\/svg\" viewBox=\"0 0 18 32\"><path fill=\"#3b5998\" d=\"M17.1 0.2v4.7h-2.8q-1.5 0-2.1 0.6t-0.5 1.9v3.4h5.2l-0.7 5.3h-4.5v13.6h-5.5v-13.6h-4.5v-5.3h4.5v-3.9q0-3.3 1.9-5.2t5-1.8q2.6 0 4.1 0.2z\"\/><\/svg><\/span><span class=\"shariff-text\">teilen<\/span>&nbsp;<\/a><\/li><li class=\"shariff-button info shariff-nocustomcolor\" style=\"background-color:#eee\"><a href=\"http:\/\/ct.de\/-2467514\" title=\"Weitere Informationen\" aria-label=\"Weitere Informationen\" role=\"button\" rel=\"noopener \" class=\"shariff-link\" style=\"; background-color:#fff; color:#fff\" target=\"_blank\"><span class=\"shariff-icon\" style=\"\"><svg width=\"32px\" height=\"20px\" xmlns=\"http:\/\/www.w3.org\/2000\/svg\" viewBox=\"0 0 11 32\"><path fill=\"#999\" d=\"M11.4 24v2.3q0 0.5-0.3 0.8t-0.8 0.4h-9.1q-0.5 0-0.8-0.4t-0.4-0.8v-2.3q0-0.5 0.4-0.8t0.8-0.4h1.1v-6.8h-1.1q-0.5 0-0.8-0.4t-0.4-0.8v-2.3q0-0.5 0.4-0.8t0.8-0.4h6.8q0.5 0 0.8 0.4t0.4 0.8v10.3h1.1q0.5 0 0.8 0.4t0.3 0.8zM9.2 3.4v3.4q0 0.5-0.4 0.8t-0.8 0.4h-4.6q-0.4 0-0.8-0.4t-0.4-0.8v-3.4q0-0.4 0.4-0.8t0.8-0.4h4.6q0.5 0 0.8 0.4t0.4 0.8z\"\/><\/svg><\/span><\/a><\/li><\/ul><\/div>","protected":false},"excerpt":{"rendered":"<p>Im Jahr 2010 findet erneut die Tagung \u201cGML2 \u2013 Grundfragen Multimedialen Lehrens und Lernens\u201d an der Freien Universit\u00e4t Berlin statt. Die Tagung im M\u00e4rz 2010 steht unter dem Motto \u201cE-Kooperationen und E-Praxis\u201d. Call for Papers Der Call for Papers \/ Poster (pdf) wurde vor wenigen Tagen an die E-Learning-Community verschickt und die Organisatoren hoffen nun &hellip; <a href=\"https:\/\/blogs.fu-berlin.de\/?p=255\" class=\"more-link\"><span class=\"screen-reader-text\">\u201eGML-Tagung 2010 an der Freien Universit\u00e4t\u201c<\/span> weiterlesen<\/a><\/p>\n","protected":false},"author":5,"featured_media":0,"comment_status":"open","ping_status":"closed","sticky":false,"template":"","format":"standard","meta":{"footnotes":""},"categories":[1,236,70],"tags":[],"class_list":["post-255","post","type-post","status-publish","format-standard","hentry","category-uncategorized","category-blog","category-veranstaltungen"],"_links":{"self":[{"href":"https:\/\/blogs.fu-berlin.de\/index.php?rest_route=\/wp\/v2\/posts\/255","targetHints":{"allow":["GET"]}}],"collection":[{"href":"https:\/\/blogs.fu-berlin.de\/index.php?rest_route=\/wp\/v2\/posts"}],"about":[{"href":"https:\/\/blogs.fu-berlin.de\/index.php?rest_route=\/wp\/v2\/types\/post"}],"author":[{"embeddable":true,"href":"https:\/\/blogs.fu-berlin.de\/index.php?rest_route=\/wp\/v2\/users\/5"}],"replies":[{"embeddable":true,"href":"https:\/\/blogs.fu-berlin.de\/index.php?rest_route=%2Fwp%2Fv2%2Fcomments&post=255"}],"version-history":[{"count":2,"href":"https:\/\/blogs.fu-berlin.de\/index.php?rest_route=\/wp\/v2\/posts\/255\/revisions"}],"predecessor-version":[{"id":257,"href":"https:\/\/blogs.fu-berlin.de\/index.php?rest_route=\/wp\/v2\/posts\/255\/revisions\/257"}],"wp:attachment":[{"href":"https:\/\/blogs.fu-berlin.de\/index.php?rest_route=%2Fwp%2Fv2%2Fmedia&parent=255"}],"wp:term":[{"taxonomy":"category","embeddable":true,"href":"https:\/\/blogs.fu-berlin.de\/index.php?rest_route=%2Fwp%2Fv2%2Fcategories&post=255"},{"taxonomy":"post_tag","embeddable":true,"href":"https:\/\/blogs.fu-berlin.de\/index.php?rest_route=%2Fwp%2Fv2%2Ftags&post=255"}],"curies":[{"name":"wp","href":"https:\/\/api.w.org\/{rel}","templated":true}]}}