{"id":263,"date":"2010-01-15T19:20:33","date_gmt":"2010-01-15T18:20:33","guid":{"rendered":"https:\/\/blogs.fu-berlin.de\/?p=263"},"modified":"2018-11-21T10:19:16","modified_gmt":"2018-11-21T09:19:16","slug":"bundesamt-bsi-warnt-vor-benutzung-von-internet-explorer","status":"publish","type":"post","link":"https:\/\/blogs.fu-berlin.de\/?p=263","title":{"rendered":"Bundesamt (BSI) warnt vor Benutzung von Internet Explorer"},"content":{"rendered":"<p>Das Bundesamt f\u00fcr Sicherheit in der Informationstechnik <a href=\"https:\/\/www.bsi.bund.de\/cln_183\/ContentBSI\/presse\/Pressemitteilungen\/Sicherheitsluecke_IE_150110.html\" target=\"_blank\">warnt vor der Benutzung des Microsoft-Browsers<\/a>. Die Experten raten, bis zur Behebung des Problems alternative Browser zu nutzen, die zum kostenlosen Download bereitstehen.<\/p>\n<p>Hier die Download-Adressen der popul\u00e4rsten Alternativ-Browser:<\/p>\n<ul>\n<li> <span><a title=\"Firefox-Download\" href=\"https:\/\/www.mozilla-europe.org\/de\/firefox\/\" target=\"_blank\">Firefox<\/a><\/span><\/li>\n<li> <span><a title=\"Opera:  Website des norwegischen Browser-Entwicklers\" href=\"https:\/\/www.opera.com\/\" target=\"_blank\">Opera<\/a><\/span><\/li>\n<li> <span><a title=\"Download:  Chrome\" href=\"https:\/\/www.google.de\/chrome\" target=\"_blank\">Chrome<\/a><\/span><\/li>\n<li> <span><a title=\"Download:  Safari\" href=\"https:\/\/www.apple.com\/de\/safari\/\" target=\"_blank\">Safari<\/a><\/span><\/li>\n<\/ul>\n<blockquote><p>Wegen einer Sicherheitsl\u00fccke sollten Computernutzer nach Einsch\u00e4tzung staatlicher Experten den Internet Explorer von Microsoft nicht mehr benutzen. &#8222;Die Schwachstelle erm\u00f6glicht Angreifern, \u00fcber eine manipulierte Website Schadcode in einen Windows-Rechner zu schleusen und zu starten&#8220;, teilte das Bundesamt f\u00fcr Sicherheit in der Informationstechnik (BSI) am Freitag in Bonn mit. Betroffen sind die Versionen 6, 7 und 8 des Internet Explorers auf den Windows-Systemen XP, Vista und 7.<br \/>\n(Quelle <a href=\"https:\/\/www.spiegel.de\/netzwelt\/web\/0,1518,672183,00.html\" target=\"_blank\">SPON<\/a>)<\/p><\/blockquote>\n<div class=\"shariff shariff-align-flex-start shariff-widget-align-flex-start\"><ul class=\"shariff-buttons theme-default orientation-horizontal buttonsize-medium\"><li class=\"shariff-button twitter shariff-nocustomcolor\" style=\"background-color:#595959\"><a href=\"https:\/\/twitter.com\/share?url=https%3A%2F%2Fblogs.fu-berlin.de%2F%3Fp%3D263&text=Bundesamt%20%28BSI%29%20warnt%20vor%20Benutzung%20von%20Internet%20Explorer\" title=\"Bei X teilen\" aria-label=\"Bei X teilen\" role=\"button\" rel=\"noopener nofollow\" class=\"shariff-link\" style=\"; background-color:#000; color:#fff\" target=\"_blank\"><span class=\"shariff-icon\" style=\"\"><svg width=\"32px\" height=\"20px\" xmlns=\"http:\/\/www.w3.org\/2000\/svg\" viewBox=\"0 0 24 24\"><path fill=\"#000\" d=\"M14.258 10.152L23.176 0h-2.113l-7.747 8.813L7.133 0H0l9.352 13.328L0 23.973h2.113l8.176-9.309 6.531 9.309h7.133zm-2.895 3.293l-.949-1.328L2.875 1.56h3.246l6.086 8.523.945 1.328 7.91 11.078h-3.246zm0 0\"\/><\/svg><\/span><span class=\"shariff-text\">teilen<\/span>&nbsp;<\/a><\/li><li class=\"shariff-button facebook shariff-nocustomcolor\" style=\"background-color:#4273c8\"><a href=\"https:\/\/www.facebook.com\/sharer\/sharer.php?u=https%3A%2F%2Fblogs.fu-berlin.de%2F%3Fp%3D263\" title=\"Bei Facebook teilen\" aria-label=\"Bei Facebook teilen\" role=\"button\" rel=\"nofollow\" class=\"shariff-link\" style=\"; background-color:#3b5998; color:#fff\" target=\"_blank\"><span class=\"shariff-icon\" style=\"\"><svg width=\"32px\" height=\"20px\" xmlns=\"http:\/\/www.w3.org\/2000\/svg\" viewBox=\"0 0 18 32\"><path fill=\"#3b5998\" d=\"M17.1 0.2v4.7h-2.8q-1.5 0-2.1 0.6t-0.5 1.9v3.4h5.2l-0.7 5.3h-4.5v13.6h-5.5v-13.6h-4.5v-5.3h4.5v-3.9q0-3.3 1.9-5.2t5-1.8q2.6 0 4.1 0.2z\"\/><\/svg><\/span><span class=\"shariff-text\">teilen<\/span>&nbsp;<\/a><\/li><li class=\"shariff-button info shariff-nocustomcolor\" style=\"background-color:#eee\"><a href=\"http:\/\/ct.de\/-2467514\" title=\"Weitere Informationen\" aria-label=\"Weitere Informationen\" role=\"button\" rel=\"noopener \" class=\"shariff-link\" style=\"; background-color:#fff; color:#fff\" target=\"_blank\"><span class=\"shariff-icon\" style=\"\"><svg width=\"32px\" height=\"20px\" xmlns=\"http:\/\/www.w3.org\/2000\/svg\" viewBox=\"0 0 11 32\"><path fill=\"#999\" d=\"M11.4 24v2.3q0 0.5-0.3 0.8t-0.8 0.4h-9.1q-0.5 0-0.8-0.4t-0.4-0.8v-2.3q0-0.5 0.4-0.8t0.8-0.4h1.1v-6.8h-1.1q-0.5 0-0.8-0.4t-0.4-0.8v-2.3q0-0.5 0.4-0.8t0.8-0.4h6.8q0.5 0 0.8 0.4t0.4 0.8v10.3h1.1q0.5 0 0.8 0.4t0.3 0.8zM9.2 3.4v3.4q0 0.5-0.4 0.8t-0.8 0.4h-4.6q-0.4 0-0.8-0.4t-0.4-0.8v-3.4q0-0.4 0.4-0.8t0.8-0.4h4.6q0.5 0 0.8 0.4t0.4 0.8z\"\/><\/svg><\/span><\/a><\/li><\/ul><\/div>","protected":false},"excerpt":{"rendered":"<p>Das Bundesamt f\u00fcr Sicherheit in der Informationstechnik warnt vor der Benutzung des Microsoft-Browsers. Die Experten raten, bis zur Behebung des Problems alternative Browser zu nutzen, die zum kostenlosen Download bereitstehen. Hier die Download-Adressen der popul\u00e4rsten Alternativ-Browser: Firefox Opera Chrome Safari Wegen einer Sicherheitsl\u00fccke sollten Computernutzer nach Einsch\u00e4tzung staatlicher Experten den Internet Explorer von Microsoft nicht &hellip; <a href=\"https:\/\/blogs.fu-berlin.de\/?p=263\" class=\"more-link\"><span class=\"screen-reader-text\">\u201eBundesamt (BSI) warnt vor Benutzung von Internet Explorer\u201c<\/span> weiterlesen<\/a><\/p>\n","protected":false},"author":5,"featured_media":0,"comment_status":"open","ping_status":"closed","sticky":false,"template":"","format":"standard","meta":{"footnotes":""},"categories":[236,402],"tags":[],"class_list":["post-263","post","type-post","status-publish","format-standard","hentry","category-blog","category-presse"],"_links":{"self":[{"href":"https:\/\/blogs.fu-berlin.de\/index.php?rest_route=\/wp\/v2\/posts\/263","targetHints":{"allow":["GET"]}}],"collection":[{"href":"https:\/\/blogs.fu-berlin.de\/index.php?rest_route=\/wp\/v2\/posts"}],"about":[{"href":"https:\/\/blogs.fu-berlin.de\/index.php?rest_route=\/wp\/v2\/types\/post"}],"author":[{"embeddable":true,"href":"https:\/\/blogs.fu-berlin.de\/index.php?rest_route=\/wp\/v2\/users\/5"}],"replies":[{"embeddable":true,"href":"https:\/\/blogs.fu-berlin.de\/index.php?rest_route=%2Fwp%2Fv2%2Fcomments&post=263"}],"version-history":[{"count":3,"href":"https:\/\/blogs.fu-berlin.de\/index.php?rest_route=\/wp\/v2\/posts\/263\/revisions"}],"predecessor-version":[{"id":2519,"href":"https:\/\/blogs.fu-berlin.de\/index.php?rest_route=\/wp\/v2\/posts\/263\/revisions\/2519"}],"wp:attachment":[{"href":"https:\/\/blogs.fu-berlin.de\/index.php?rest_route=%2Fwp%2Fv2%2Fmedia&parent=263"}],"wp:term":[{"taxonomy":"category","embeddable":true,"href":"https:\/\/blogs.fu-berlin.de\/index.php?rest_route=%2Fwp%2Fv2%2Fcategories&post=263"},{"taxonomy":"post_tag","embeddable":true,"href":"https:\/\/blogs.fu-berlin.de\/index.php?rest_route=%2Fwp%2Fv2%2Ftags&post=263"}],"curies":[{"name":"wp","href":"https:\/\/api.w.org\/{rel}","templated":true}]}}