{"id":2659,"date":"2019-06-27T15:13:41","date_gmt":"2019-06-27T13:13:41","guid":{"rendered":"https:\/\/blogs.fu-berlin.de\/?p=2659"},"modified":"2019-07-03T14:22:31","modified_gmt":"2019-07-03T12:22:31","slug":"service-hinweis-fu-wlan-einstellungen-anpassen","status":"publish","type":"post","link":"https:\/\/blogs.fu-berlin.de\/?p=2659","title":{"rendered":"Service-Hinweis: FU WLAN Einstellungen anpassen"},"content":{"rendered":"<figure id=\"attachment_5010\" aria-describedby=\"caption-attachment-5010\" style=\"width: 300px\" class=\"wp-caption alignright\"><a href=\"https:\/\/www.zedat.fu-berlin.de\/WLAN\"><img loading=\"lazy\" decoding=\"async\" class=\"wp-image-5010 size-medium\" src=\"https:\/\/blogs.fu-berlin.de\/fortbildung\/files\/2019\/06\/eduroam1-300x236.png\" alt=\"\" width=\"300\" height=\"236\" \/><\/a><figcaption id=\"caption-attachment-5010\" class=\"wp-caption-text\">Bild: ZEDAT<\/figcaption><\/figure>\n<p>Ein Hinweis in &#8222;eigener Sache&#8220;.<br \/>\nAuf dass Sie uns auch weiterhin mobil im FU WLAN erreichen&#8230;<\/p>\n<blockquote><p>Aus Sicherheitsgr\u00fcnden m\u00fcssen Sie jetzt Ihre Konfiguration f\u00fcr Eduroam anpassen, um das WLAN der FU weiterhin nutzen zu k\u00f6nnen. Ab Juli 2019 funktioniert das verschl\u00fcsselte WLAN nur noch mit einem neuen Zertifikat. Bitte verwenden Sie die Konfigurationswerkzeuge auf dieser Seite. Wenn Sie \u00fcber mehrere Ger\u00e4te verf\u00fcgen, die mit dem WLAN verbunden sind, f\u00fchren Sie die Konfiguration bitte f\u00fcr <strong>jedes<\/strong> dieser Ger\u00e4te durch. Auf Ger\u00e4ten, die nicht mit dem WLAN verbunden sind, m\u00fcssen Sie nichts anpassen.<\/p>\n<p>Quelle: <a href=\"https:\/\/www.zedat.fu-berlin.de\/WLAN\">ZEDAT<\/a><\/p><\/blockquote>\n<div class=\"shariff shariff-align-flex-start shariff-widget-align-flex-start\"><ul class=\"shariff-buttons theme-default orientation-horizontal buttonsize-medium\"><li class=\"shariff-button twitter shariff-nocustomcolor\" style=\"background-color:#595959\"><a href=\"https:\/\/twitter.com\/share?url=https%3A%2F%2Fblogs.fu-berlin.de%2F%3Fp%3D2659&text=Service-Hinweis%3A%20FU%20WLAN%20Einstellungen%20anpassen\" title=\"Bei X teilen\" aria-label=\"Bei X teilen\" role=\"button\" rel=\"noopener nofollow\" class=\"shariff-link\" style=\"; background-color:#000; color:#fff\" target=\"_blank\"><span class=\"shariff-icon\" style=\"\"><svg width=\"32px\" height=\"20px\" xmlns=\"http:\/\/www.w3.org\/2000\/svg\" viewBox=\"0 0 24 24\"><path fill=\"#000\" d=\"M14.258 10.152L23.176 0h-2.113l-7.747 8.813L7.133 0H0l9.352 13.328L0 23.973h2.113l8.176-9.309 6.531 9.309h7.133zm-2.895 3.293l-.949-1.328L2.875 1.56h3.246l6.086 8.523.945 1.328 7.91 11.078h-3.246zm0 0\"\/><\/svg><\/span><span class=\"shariff-text\">teilen<\/span>&nbsp;<\/a><\/li><li class=\"shariff-button facebook shariff-nocustomcolor\" style=\"background-color:#4273c8\"><a href=\"https:\/\/www.facebook.com\/sharer\/sharer.php?u=https%3A%2F%2Fblogs.fu-berlin.de%2F%3Fp%3D2659\" title=\"Bei Facebook teilen\" aria-label=\"Bei Facebook teilen\" role=\"button\" rel=\"nofollow\" class=\"shariff-link\" style=\"; background-color:#3b5998; color:#fff\" target=\"_blank\"><span class=\"shariff-icon\" style=\"\"><svg width=\"32px\" height=\"20px\" xmlns=\"http:\/\/www.w3.org\/2000\/svg\" viewBox=\"0 0 18 32\"><path fill=\"#3b5998\" d=\"M17.1 0.2v4.7h-2.8q-1.5 0-2.1 0.6t-0.5 1.9v3.4h5.2l-0.7 5.3h-4.5v13.6h-5.5v-13.6h-4.5v-5.3h4.5v-3.9q0-3.3 1.9-5.2t5-1.8q2.6 0 4.1 0.2z\"\/><\/svg><\/span><span class=\"shariff-text\">teilen<\/span>&nbsp;<\/a><\/li><li class=\"shariff-button info shariff-nocustomcolor\" style=\"background-color:#eee\"><a href=\"http:\/\/ct.de\/-2467514\" title=\"Weitere Informationen\" aria-label=\"Weitere Informationen\" role=\"button\" rel=\"noopener \" class=\"shariff-link\" style=\"; background-color:#fff; color:#fff\" target=\"_blank\"><span class=\"shariff-icon\" style=\"\"><svg width=\"32px\" height=\"20px\" xmlns=\"http:\/\/www.w3.org\/2000\/svg\" viewBox=\"0 0 11 32\"><path fill=\"#999\" d=\"M11.4 24v2.3q0 0.5-0.3 0.8t-0.8 0.4h-9.1q-0.5 0-0.8-0.4t-0.4-0.8v-2.3q0-0.5 0.4-0.8t0.8-0.4h1.1v-6.8h-1.1q-0.5 0-0.8-0.4t-0.4-0.8v-2.3q0-0.5 0.4-0.8t0.8-0.4h6.8q0.5 0 0.8 0.4t0.4 0.8v10.3h1.1q0.5 0 0.8 0.4t0.3 0.8zM9.2 3.4v3.4q0 0.5-0.4 0.8t-0.8 0.4h-4.6q-0.4 0-0.8-0.4t-0.4-0.8v-3.4q0-0.4 0.4-0.8t0.8-0.4h4.6q0.5 0 0.8 0.4t0.4 0.8z\"\/><\/svg><\/span><\/a><\/li><\/ul><\/div>","protected":false},"excerpt":{"rendered":"<p>Ein Hinweis in &#8222;eigener Sache&#8220;. Auf dass Sie uns auch weiterhin mobil im FU WLAN erreichen&#8230; Aus Sicherheitsgr\u00fcnden m\u00fcssen Sie jetzt Ihre Konfiguration f\u00fcr Eduroam anpassen, um das WLAN der FU weiterhin nutzen zu k\u00f6nnen. Ab Juli 2019 funktioniert das verschl\u00fcsselte WLAN nur noch mit einem neuen Zertifikat. Bitte verwenden Sie die Konfigurationswerkzeuge auf dieser &hellip; <a href=\"https:\/\/blogs.fu-berlin.de\/?p=2659\" class=\"more-link\"><span class=\"screen-reader-text\">\u201eService-Hinweis: FU WLAN Einstellungen anpassen\u201c<\/span> weiterlesen<\/a><\/p>\n","protected":false},"author":5,"featured_media":0,"comment_status":"open","ping_status":"closed","sticky":false,"template":"","format":"standard","meta":{"footnotes":""},"categories":[1,236],"tags":[],"class_list":["post-2659","post","type-post","status-publish","format-standard","hentry","category-uncategorized","category-blog"],"_links":{"self":[{"href":"https:\/\/blogs.fu-berlin.de\/index.php?rest_route=\/wp\/v2\/posts\/2659","targetHints":{"allow":["GET"]}}],"collection":[{"href":"https:\/\/blogs.fu-berlin.de\/index.php?rest_route=\/wp\/v2\/posts"}],"about":[{"href":"https:\/\/blogs.fu-berlin.de\/index.php?rest_route=\/wp\/v2\/types\/post"}],"author":[{"embeddable":true,"href":"https:\/\/blogs.fu-berlin.de\/index.php?rest_route=\/wp\/v2\/users\/5"}],"replies":[{"embeddable":true,"href":"https:\/\/blogs.fu-berlin.de\/index.php?rest_route=%2Fwp%2Fv2%2Fcomments&post=2659"}],"version-history":[{"count":1,"href":"https:\/\/blogs.fu-berlin.de\/index.php?rest_route=\/wp\/v2\/posts\/2659\/revisions"}],"predecessor-version":[{"id":2660,"href":"https:\/\/blogs.fu-berlin.de\/index.php?rest_route=\/wp\/v2\/posts\/2659\/revisions\/2660"}],"wp:attachment":[{"href":"https:\/\/blogs.fu-berlin.de\/index.php?rest_route=%2Fwp%2Fv2%2Fmedia&parent=2659"}],"wp:term":[{"taxonomy":"category","embeddable":true,"href":"https:\/\/blogs.fu-berlin.de\/index.php?rest_route=%2Fwp%2Fv2%2Fcategories&post=2659"},{"taxonomy":"post_tag","embeddable":true,"href":"https:\/\/blogs.fu-berlin.de\/index.php?rest_route=%2Fwp%2Fv2%2Ftags&post=2659"}],"curies":[{"name":"wp","href":"https:\/\/api.w.org\/{rel}","templated":true}]}}